{"id":20511,"date":"2017-05-17T18:13:58","date_gmt":"2017-05-17T18:13:58","guid":{"rendered":""},"modified":"2017-05-17T18:13:58","modified_gmt":"2017-05-17T18:13:58","slug":"inversion-de-198-3-millones-en-materia-de-salud-recibira-cocle","status":"publish","type":"post","link":"https:\/\/sertv.gob.pa\/nacionalfm\/inversion-de-198-3-millones-en-materia-de-salud-recibira-cocle\/","title":{"rendered":"Inversi\u00f3n de $198.3 millones en materia de salud recibir\u00e1 Cocl\u00e9"},"content":{"rendered":"<p>\nEl Ministerio de Salud (MINSA) lleva adelante importantes inversiones en infraestructura hospitalarias y mejoras en los servicios de atenci\u00f3n en la provincia de Cocl\u00e9, bajo una inversi\u00f3n superior a los $198.3 millones. <\/p>\n<p>Uno de los principales proyectos de inversi\u00f3n en infraestructura de gran impacto para la poblaci\u00f3n coclesana es la construcci\u00f3n del nuevo Hospital Aquilino Tejeira por un valor aproximado de $175 millones. Estar\u00e1 ubicado en un amplio terreno; tendr\u00e1 la capacidad de unas 250 camas, adem\u00e1s de una nueva sala para atender a los pacientes de hemodi\u00e1lisis y nuevo mobiliario. <\/p>\n<p>Durante esta gesti\u00f3n se adelanta la construcci\u00f3n de tres nuevas infraestructuras hospitalarias pedi\u00e1tricas para la provincia de Cocl\u00e9. Se trata del Hospital Materno Infantil de Tambo que se construir\u00e1 por un valor de $4.9 millones en el corregimiento de Toabr\u00e9 beneficiando a m\u00e1s de 22 mil habitantes, el Hospital Materno Infantil de El Valle de Ant\u00f3n a un costo de $4.9 millones y el Nuevo Centro de Salud Materno Infantil de El Cop\u00e9 $9.2 millones. <\/p>\n<p>En cuanto a las obras del Programa &lsquo;Mi Salud Primero&rsquo; que se desarrollan en la provincia de Cocl\u00e9, el Gobierno Nacional invierte un total de $4.3 millones en mejoras y adecuaciones de los centros de Salud de Pocr\u00ed, Pozo Azul, Ol\u00e1, Caimito, Penonom\u00e9, R\u00edo Grande; reposici\u00f3n de Puestos de Salud de Sardina, El Jobo de R\u00edo Indio y Las Mar\u00edas; y la nueva licitaci\u00f3n del Centro de Salud de Coclesito. <\/p>\n<p>En materia de medicamentos, nuestras principales instalaciones de Salud de la provincia mantienen un nivel de abastecimiento del 90%. <\/p>\n<p>Por \u00faltimo, a trav\u00e9s del Programa FORIS (Fortalecimiento de las Redes Integradas de Salud) se reforzaron los Centros de Salud de Caimito, Toabr\u00e9, La Pintada, El Cop\u00e9 y Ol\u00e1 con personal m\u00e9dico, de enfermer\u00eda, t\u00e9cnicos de registros m\u00e9dicos y t\u00e9cnicos de saneamiento ambiental, invirtiendo alrededor de $3.9 millones, llevando a la poblaci\u00f3n de dif\u00edcil acceso equipos b\u00e1sicos de salud. <\/p>\n<p>\u00a0 <\/p>\n","protected":false},"excerpt":{"rendered":"<p>El Ministerio de Salud (MINSA) lleva adelante importantes inversiones en <a href=\"https:\/\/sertv.gob.pa\/nacionalfm\/inversion-de-198-3-millones-en-materia-de-salud-recibira-cocle\/\"> [&#8230;]<\/a><\/p>\n","protected":false},"author":1,"featured_media":20512,"comment_status":"closed","ping_status":"closed","sticky":false,"template":"","format":"standard","meta":{"footnotes":""},"categories":[5],"tags":[],"class_list":["post-20511","post","type-post","status-publish","format-standard","has-post-thumbnail","hentry","category-salud"],"_links":{"self":[{"href":"https:\/\/sertv.gob.pa\/nacionalfm\/wp-json\/wp\/v2\/posts\/20511","targetHints":{"allow":["GET"]}}],"collection":[{"href":"https:\/\/sertv.gob.pa\/nacionalfm\/wp-json\/wp\/v2\/posts"}],"about":[{"href":"https:\/\/sertv.gob.pa\/nacionalfm\/wp-json\/wp\/v2\/types\/post"}],"author":[{"embeddable":true,"href":"https:\/\/sertv.gob.pa\/nacionalfm\/wp-json\/wp\/v2\/users\/1"}],"replies":[{"embeddable":true,"href":"https:\/\/sertv.gob.pa\/nacionalfm\/wp-json\/wp\/v2\/comments?post=20511"}],"version-history":[{"count":0,"href":"https:\/\/sertv.gob.pa\/nacionalfm\/wp-json\/wp\/v2\/posts\/20511\/revisions"}],"wp:featuredmedia":[{"embeddable":true,"href":"https:\/\/sertv.gob.pa\/nacionalfm\/wp-json\/wp\/v2\/media\/20512"}],"wp:attachment":[{"href":"https:\/\/sertv.gob.pa\/nacionalfm\/wp-json\/wp\/v2\/media?parent=20511"}],"wp:term":[{"taxonomy":"category","embeddable":true,"href":"https:\/\/sertv.gob.pa\/nacionalfm\/wp-json\/wp\/v2\/categories?post=20511"},{"taxonomy":"post_tag","embeddable":true,"href":"https:\/\/sertv.gob.pa\/nacionalfm\/wp-json\/wp\/v2\/tags?post=20511"}],"curies":[{"name":"wp","href":"https:\/\/api.w.org\/{rel}","templated":true}]}}