{"id":20531,"date":"2017-05-18T15:12:19","date_gmt":"2017-05-18T15:12:19","guid":{"rendered":""},"modified":"2017-05-18T15:12:19","modified_gmt":"2017-05-18T15:12:19","slug":"casos-de-sida-en-colon-y-chiriqui-van-en-aumento","status":"publish","type":"post","link":"https:\/\/sertv.gob.pa\/nacionalfm\/casos-de-sida-en-colon-y-chiriqui-van-en-aumento\/","title":{"rendered":"Casos de sida en Col\u00f3n y Chiriqu\u00ed van en aumento"},"content":{"rendered":"<p>\nCol\u00f3n y Chiriqu\u00ed son las provincias donde se ha registrado la mayor cantidad de casos de VIH y sida, lo que mantiene alarmadas a las autoridades del Ministerio de Salud en Chiriqu\u00ed. <\/p>\n<p>De la enfermedad del virus de inmunodeficiencia adquirida (VIH), desde su primer caso en 1985 en la provincia de Col\u00f3n hasta abril del 2017, se han reportado 2,301 casos. <\/p>\n<p>El a\u00f1o pasado, en el 2016, se reportaron 120 casos nuevos, y ese mismo a\u00f1o murieron 44 personas con la enfermedad. <\/p>\n<p>En lo que va de este 2017, se reportan 15 nuevos casos de VIH y 8 defunciones. <\/p>\n<p>El doctor V\u00edctor Pe\u00f1afiel, encargado de la Cl\u00ednica Antirretroviral que atiende a pacientes con VIH, manifest\u00f3 que el comportamiento de la enfermedad va en ascenso, ya que solo a finales de octubre del 2016 se reportaban unos 120 casos nuevos, lo que demuestra que se debe seguir trabajando en el tema. <\/p>\n<p>En muchos casos, las personas abandonan el tratamiento, y al volver desarrollan resistencia a los medicamentos, por lo que se les debe volver a aplicar, pero m\u00e1s fuerte. <\/p>\n<p>La doctora Ericka Fergunson, epidemi\u00f3loga y responsable del programa de VIH-sida en Chiriqu\u00ed, revel\u00f3 que en el 2016 se detectaron 179 casos y en los cuatro primeros meses del este a\u00f1o van 67 nuevos, lo que indica que las cifras rebasar\u00e1n las del a\u00f1o pasado. <\/p>\n<p>La doctora Fergunson explic\u00f3 que en el 2015 se detectaron 128 nuevos casos contra los 179 del a\u00f1o pasado, lo que significa que este problema de salud va en aumento. <\/p>\n<p>\u00a0 <\/p>\n","protected":false},"excerpt":{"rendered":"<p>Col\u00f3n y Chiriqu\u00ed son las provincias donde se ha registrado <a href=\"https:\/\/sertv.gob.pa\/nacionalfm\/casos-de-sida-en-colon-y-chiriqui-van-en-aumento\/\"> [&#8230;]<\/a><\/p>\n","protected":false},"author":1,"featured_media":20532,"comment_status":"closed","ping_status":"closed","sticky":false,"template":"","format":"standard","meta":{"footnotes":""},"categories":[5],"tags":[],"class_list":["post-20531","post","type-post","status-publish","format-standard","has-post-thumbnail","hentry","category-salud"],"_links":{"self":[{"href":"https:\/\/sertv.gob.pa\/nacionalfm\/wp-json\/wp\/v2\/posts\/20531","targetHints":{"allow":["GET"]}}],"collection":[{"href":"https:\/\/sertv.gob.pa\/nacionalfm\/wp-json\/wp\/v2\/posts"}],"about":[{"href":"https:\/\/sertv.gob.pa\/nacionalfm\/wp-json\/wp\/v2\/types\/post"}],"author":[{"embeddable":true,"href":"https:\/\/sertv.gob.pa\/nacionalfm\/wp-json\/wp\/v2\/users\/1"}],"replies":[{"embeddable":true,"href":"https:\/\/sertv.gob.pa\/nacionalfm\/wp-json\/wp\/v2\/comments?post=20531"}],"version-history":[{"count":0,"href":"https:\/\/sertv.gob.pa\/nacionalfm\/wp-json\/wp\/v2\/posts\/20531\/revisions"}],"wp:featuredmedia":[{"embeddable":true,"href":"https:\/\/sertv.gob.pa\/nacionalfm\/wp-json\/wp\/v2\/media\/20532"}],"wp:attachment":[{"href":"https:\/\/sertv.gob.pa\/nacionalfm\/wp-json\/wp\/v2\/media?parent=20531"}],"wp:term":[{"taxonomy":"category","embeddable":true,"href":"https:\/\/sertv.gob.pa\/nacionalfm\/wp-json\/wp\/v2\/categories?post=20531"},{"taxonomy":"post_tag","embeddable":true,"href":"https:\/\/sertv.gob.pa\/nacionalfm\/wp-json\/wp\/v2\/tags?post=20531"}],"curies":[{"name":"wp","href":"https:\/\/api.w.org\/{rel}","templated":true}]}}