{"id":20535,"date":"2017-05-18T15:47:41","date_gmt":"2017-05-18T15:47:41","guid":{"rendered":""},"modified":"2017-05-18T15:47:41","modified_gmt":"2017-05-18T15:47:41","slug":"colera-afecta-a-cientos-de-ninos-en-yemen-segun-unicef","status":"publish","type":"post","link":"https:\/\/sertv.gob.pa\/nacionalfm\/colera-afecta-a-cientos-de-ninos-en-yemen-segun-unicef\/","title":{"rendered":"C\u00f3lera afecta a cientos de ni\u00f1os en Yemen, seg\u00fan Unicef"},"content":{"rendered":"<p>\nRepresentantes del Fondo de las Naciones Unidas para la Infancia (Unicef) manifestaron que los ni\u00f1os representan un tercio de los casos de c\u00f3lera registrados en Yemen, donde han muerto m\u00e1s de 180 personas en las \u00faltimas tres semanas, seg\u00fan datos del Ministerio de Sanidad del Gobierno rebelde en San\u00e1. <\/p>\n<p>Se han registrado en total m\u00e1s de 11 mil casos de diarrea aguda en el pa\u00eds \u00e1rabe desde el pasado 27 de abril, de los que m\u00e1s de 250 son casos confirmados de c\u00f3lera, se\u00f1al\u00f3 en una rueda de prensa el portavoz de Unicef Christoph Boulierac. <\/p>\n<p>&lsquo;Yemen est\u00e1 gestionando de nuevo el surgimiento de una crisis de salud p\u00fablica&#8217;, recalc\u00f3. <\/p>\n<p>De acuerdo con cifras de Unicef, el 25 % de los casos se han observado en San\u00e1 y un tercio son ni\u00f1os. <\/p>\n<p>&lsquo;Yemen es un pa\u00eds muy peligroso para los ni\u00f1os, que viven en un contexto de extrema vulnerabilidad&#8217;, indic\u00f3 Boulierac. <\/p>\n<p>A\u00f1adi\u00f3 que el c\u00f3lera se est\u00e1 expandiendo en un pa\u00eds en el que los servicios sociales b\u00e1sicos est\u00e1n colapsando como resultado de m\u00e1s de dos a\u00f1os de conflicto, lo que incluye el sistema sanitario y el abastecimiento de agua, as\u00ed como la gesti\u00f3n de la basura. <\/p>\n<p>A esto se suma la crisis econ\u00f3mica y el deterioro de las condiciones de vida de las familias, dijo. <\/p>\n<p>&lsquo;Todo esto son factores que contribuyen a la r\u00e1pida propagaci\u00f3n del c\u00f3lera&#8217;, sostuvo, y record\u00f3 que adem\u00e1s de esta enfermedad hay en Yemen 2,2 millones de ni\u00f1os malnutridos, de los que 460 mil sufren malnutrici\u00f3n severa aguda. <\/p>\n<p>La malnutrici\u00f3n severa aguda fue un 200 % mayor en 2016 que en 2014, cuando afect\u00f3 a 160 mil ni\u00f1os, de acuerdo con Unicef. <\/p>\n<p>Tambi\u00e9n, uno de cada dos ni\u00f1os yemen\u00edes de menos de 5 a\u00f1os no se desarrolla f\u00edsica y mentalmente acorde a su edad. <\/p>\n<p>A su vez, los hospitales y centros de tratamiento tienen dificultades para atender al gran n\u00famero de pacientes y los m\u00e9dicos y enfermeras a menudo no han recibido durante meses su salario. <\/p>\n<p>Tambi\u00e9n hay una escasez de medicinas, relat\u00f3 el portavoz. <\/p>\n<p>\u00a0 <\/p>\n","protected":false},"excerpt":{"rendered":"<p>Representantes del Fondo de las Naciones Unidas para la Infancia <a href=\"https:\/\/sertv.gob.pa\/nacionalfm\/colera-afecta-a-cientos-de-ninos-en-yemen-segun-unicef\/\"> [&#8230;]<\/a><\/p>\n","protected":false},"author":1,"featured_media":20536,"comment_status":"closed","ping_status":"closed","sticky":false,"template":"","format":"standard","meta":{"footnotes":""},"categories":[5],"tags":[],"class_list":["post-20535","post","type-post","status-publish","format-standard","has-post-thumbnail","hentry","category-salud"],"_links":{"self":[{"href":"https:\/\/sertv.gob.pa\/nacionalfm\/wp-json\/wp\/v2\/posts\/20535","targetHints":{"allow":["GET"]}}],"collection":[{"href":"https:\/\/sertv.gob.pa\/nacionalfm\/wp-json\/wp\/v2\/posts"}],"about":[{"href":"https:\/\/sertv.gob.pa\/nacionalfm\/wp-json\/wp\/v2\/types\/post"}],"author":[{"embeddable":true,"href":"https:\/\/sertv.gob.pa\/nacionalfm\/wp-json\/wp\/v2\/users\/1"}],"replies":[{"embeddable":true,"href":"https:\/\/sertv.gob.pa\/nacionalfm\/wp-json\/wp\/v2\/comments?post=20535"}],"version-history":[{"count":0,"href":"https:\/\/sertv.gob.pa\/nacionalfm\/wp-json\/wp\/v2\/posts\/20535\/revisions"}],"wp:featuredmedia":[{"embeddable":true,"href":"https:\/\/sertv.gob.pa\/nacionalfm\/wp-json\/wp\/v2\/media\/20536"}],"wp:attachment":[{"href":"https:\/\/sertv.gob.pa\/nacionalfm\/wp-json\/wp\/v2\/media?parent=20535"}],"wp:term":[{"taxonomy":"category","embeddable":true,"href":"https:\/\/sertv.gob.pa\/nacionalfm\/wp-json\/wp\/v2\/categories?post=20535"},{"taxonomy":"post_tag","embeddable":true,"href":"https:\/\/sertv.gob.pa\/nacionalfm\/wp-json\/wp\/v2\/tags?post=20535"}],"curies":[{"name":"wp","href":"https:\/\/api.w.org\/{rel}","templated":true}]}}