{"id":20539,"date":"2017-05-18T16:11:11","date_gmt":"2017-05-18T16:11:11","guid":{"rendered":""},"modified":"2017-05-18T16:11:11","modified_gmt":"2017-05-18T16:11:11","slug":"inauguran-iii-juegos-deportivos-estudiantiles-nivel-primario","status":"publish","type":"post","link":"https:\/\/sertv.gob.pa\/nacionalfm\/inauguran-iii-juegos-deportivos-estudiantiles-nivel-primario\/","title":{"rendered":"Inauguran III Juegos Deportivos Estudiantiles Nivel Primario"},"content":{"rendered":"<p>\nRecientemente fueron inaugurados los III Juegos Deportivos Estudiantiles Nivel Primario, bajo la organizaci\u00f3n del Ministerio de Educaci\u00f3n y el Instituto Paname\u00f1o de Deportes. <\/p>\n<p>El viceministro de Educaci\u00f3n Carlos Staff, el subdirector General de PANDEPORTES, Mario P\u00e9rez y Jos\u00e9 Mart\u00ednez, presidente del Comit\u00e9 Organizador dieron la apertura del torneo. <\/p>\n<p>Estos III Juegos Deportivos Estudiantiles Nacionales (Juden) forman parte de la programaci\u00f3n establecida por MEDUCA\u00a0 y PANDEPORTES para la detecci\u00f3n y desarrollo del talento deportivo paname\u00f1o, en los niveles Primario, Intermedio y Medio. <\/p>\n<p>La regia inauguraci\u00f3n inici\u00f3 con la entrada de las 16 zonas educativas que a nivel nacional participan Bocas del Toro, Cocl\u00e9, Col\u00f3n, Comarca Ember\u00e1-Wounaan, Comarca Ng\u00e4be Bugl\u00e9, Comarca Guna Yala, Chiriqu\u00ed, Dari\u00e9n, Herrera, Los Santos, Panam\u00e1 Norte, Panam\u00e1 Oeste, Panam\u00e1 Centro, Panam\u00e1 Este, San Miguelito y Veraguas. <\/p>\n<p>La justa se extender\u00e1 hasta el 22 de este mes en las ramas femenina y masculina de las disciplinas de ajedrez, mini baloncesto, b\u00e9isbol, f\u00fatbol 7, gimnasia, kid athletic, karate, nataci\u00f3n, tenis de mesa y mini voleibol. <\/p>\n<p>\u00a0 <\/p>\n","protected":false},"excerpt":{"rendered":"<p>Recientemente fueron inaugurados los III Juegos Deportivos Estudiantiles Nivel Primario, <a href=\"https:\/\/sertv.gob.pa\/nacionalfm\/inauguran-iii-juegos-deportivos-estudiantiles-nivel-primario\/\"> [&#8230;]<\/a><\/p>\n","protected":false},"author":1,"featured_media":20540,"comment_status":"closed","ping_status":"closed","sticky":false,"template":"","format":"standard","meta":{"footnotes":""},"categories":[4],"tags":[],"class_list":["post-20539","post","type-post","status-publish","format-standard","has-post-thumbnail","hentry","category-deportes"],"_links":{"self":[{"href":"https:\/\/sertv.gob.pa\/nacionalfm\/wp-json\/wp\/v2\/posts\/20539","targetHints":{"allow":["GET"]}}],"collection":[{"href":"https:\/\/sertv.gob.pa\/nacionalfm\/wp-json\/wp\/v2\/posts"}],"about":[{"href":"https:\/\/sertv.gob.pa\/nacionalfm\/wp-json\/wp\/v2\/types\/post"}],"author":[{"embeddable":true,"href":"https:\/\/sertv.gob.pa\/nacionalfm\/wp-json\/wp\/v2\/users\/1"}],"replies":[{"embeddable":true,"href":"https:\/\/sertv.gob.pa\/nacionalfm\/wp-json\/wp\/v2\/comments?post=20539"}],"version-history":[{"count":0,"href":"https:\/\/sertv.gob.pa\/nacionalfm\/wp-json\/wp\/v2\/posts\/20539\/revisions"}],"wp:featuredmedia":[{"embeddable":true,"href":"https:\/\/sertv.gob.pa\/nacionalfm\/wp-json\/wp\/v2\/media\/20540"}],"wp:attachment":[{"href":"https:\/\/sertv.gob.pa\/nacionalfm\/wp-json\/wp\/v2\/media?parent=20539"}],"wp:term":[{"taxonomy":"category","embeddable":true,"href":"https:\/\/sertv.gob.pa\/nacionalfm\/wp-json\/wp\/v2\/categories?post=20539"},{"taxonomy":"post_tag","embeddable":true,"href":"https:\/\/sertv.gob.pa\/nacionalfm\/wp-json\/wp\/v2\/tags?post=20539"}],"curies":[{"name":"wp","href":"https:\/\/api.w.org\/{rel}","templated":true}]}}