{"id":2054,"date":"2014-10-14T05:00:00","date_gmt":"2014-10-14T05:00:00","guid":{"rendered":""},"modified":"2014-10-14T05:00:00","modified_gmt":"2014-10-14T05:00:00","slug":"alimentos-fritos-y-el-peligro-de-desarrollar-diabetes-gestacional","status":"publish","type":"post","link":"https:\/\/sertv.gob.pa\/nacionalfm\/alimentos-fritos-y-el-peligro-de-desarrollar-diabetes-gestacional\/","title":{"rendered":"Alimentos fritos y el peligro de desarrollar diabetes gestacional"},"content":{"rendered":"<p>\nDurante 10 a\u00f1os, el Dr. Cuilin Zhang y sus colegas del U.S. National Institute of Child Health and Human Development realizaron llevaron a cabo \u00a0un estudio donde examinaron 21 mil embarazos de un solo beb\u00e9. Los resultados arrojaron que de esos embarazos, 850 desarrollaron diabetes gestacional. T\u00e9rmino que acu\u00f1\u00f3 American Diabetes Association. <\/p>\n<p>El peligro de desarrollar esta enfermedad aument\u00f3 en las embarazadas que inger\u00edan comidas fritas de cuatro a seis veces por semana. El riesgo se dobl\u00f3 en aquellas cuyo consumo fue diario, especialmente con el men\u00fa que se halla en restaurantes de comida r\u00e1pida, donde las grasas saturadas est\u00e1n a la orden del d\u00eda. <\/p>\n<p>\u00a0En cambio, el peligro disminuy\u00f3 cuando esos alimentos fritos eran preparados en casa. <\/p>\n<p>\u00a0 <\/p>\n","protected":false},"excerpt":{"rendered":"<p>Durante 10 a\u00f1os, el Dr. Cuilin Zhang y sus colegas <a href=\"https:\/\/sertv.gob.pa\/nacionalfm\/alimentos-fritos-y-el-peligro-de-desarrollar-diabetes-gestacional\/\"> [&#8230;]<\/a><\/p>\n","protected":false},"author":1,"featured_media":2055,"comment_status":"closed","ping_status":"closed","sticky":false,"template":"","format":"standard","meta":{"footnotes":""},"categories":[5],"tags":[],"class_list":["post-2054","post","type-post","status-publish","format-standard","has-post-thumbnail","hentry","category-salud"],"_links":{"self":[{"href":"https:\/\/sertv.gob.pa\/nacionalfm\/wp-json\/wp\/v2\/posts\/2054","targetHints":{"allow":["GET"]}}],"collection":[{"href":"https:\/\/sertv.gob.pa\/nacionalfm\/wp-json\/wp\/v2\/posts"}],"about":[{"href":"https:\/\/sertv.gob.pa\/nacionalfm\/wp-json\/wp\/v2\/types\/post"}],"author":[{"embeddable":true,"href":"https:\/\/sertv.gob.pa\/nacionalfm\/wp-json\/wp\/v2\/users\/1"}],"replies":[{"embeddable":true,"href":"https:\/\/sertv.gob.pa\/nacionalfm\/wp-json\/wp\/v2\/comments?post=2054"}],"version-history":[{"count":0,"href":"https:\/\/sertv.gob.pa\/nacionalfm\/wp-json\/wp\/v2\/posts\/2054\/revisions"}],"wp:featuredmedia":[{"embeddable":true,"href":"https:\/\/sertv.gob.pa\/nacionalfm\/wp-json\/wp\/v2\/media\/2055"}],"wp:attachment":[{"href":"https:\/\/sertv.gob.pa\/nacionalfm\/wp-json\/wp\/v2\/media?parent=2054"}],"wp:term":[{"taxonomy":"category","embeddable":true,"href":"https:\/\/sertv.gob.pa\/nacionalfm\/wp-json\/wp\/v2\/categories?post=2054"},{"taxonomy":"post_tag","embeddable":true,"href":"https:\/\/sertv.gob.pa\/nacionalfm\/wp-json\/wp\/v2\/tags?post=2054"}],"curies":[{"name":"wp","href":"https:\/\/api.w.org\/{rel}","templated":true}]}}