{"id":20547,"date":"2017-05-18T17:22:28","date_gmt":"2017-05-18T17:22:28","guid":{"rendered":""},"modified":"2017-05-18T17:22:28","modified_gmt":"2017-05-18T17:22:28","slug":"confirman-proximo-rival-de-jezrrel-el-invisible-corrales","status":"publish","type":"post","link":"https:\/\/sertv.gob.pa\/nacionalfm\/confirman-proximo-rival-de-jezrrel-el-invisible-corrales\/","title":{"rendered":"Confirman pr\u00f3ximo rival de Jezrrel \u201cEl Invisible\u201d Corrales"},"content":{"rendered":"<p>\nLa Empresa Golden Boy Promotions confirm\u00f3 que para el 15 de julio el supercampe\u00f3n de los superplumas de la Asociaci\u00f3n Mundial de Boxeo realizar\u00e1 la segunda defensa de su t\u00edtulo ante el mexicano Robinson Castellanos. <\/p>\n<p>\u00a0 <\/p>\n<p>El encuentro se efectuar\u00e1 el 15 de julio en Estados Unidos. Castellanos reiteramos es conocido por la afici\u00f3n paname\u00f1a ya que en a\u00f1os anteriores gan\u00f3 el t\u00edtulo plata pluma del Consejo Mundial de Boxeo al vencer por fallo de los jueces a Celestino &ldquo;Pelench\u00edn&rdquo; Caballero. <\/p>\n<p>\u00a0 <\/p>\n<p>\u00a0 <\/p>\n","protected":false},"excerpt":{"rendered":"<p>La Empresa Golden Boy Promotions confirm\u00f3 que para el 15 <a href=\"https:\/\/sertv.gob.pa\/nacionalfm\/confirman-proximo-rival-de-jezrrel-el-invisible-corrales\/\"> [&#8230;]<\/a><\/p>\n","protected":false},"author":1,"featured_media":20548,"comment_status":"closed","ping_status":"closed","sticky":false,"template":"","format":"standard","meta":{"footnotes":""},"categories":[4],"tags":[],"class_list":["post-20547","post","type-post","status-publish","format-standard","has-post-thumbnail","hentry","category-deportes"],"_links":{"self":[{"href":"https:\/\/sertv.gob.pa\/nacionalfm\/wp-json\/wp\/v2\/posts\/20547","targetHints":{"allow":["GET"]}}],"collection":[{"href":"https:\/\/sertv.gob.pa\/nacionalfm\/wp-json\/wp\/v2\/posts"}],"about":[{"href":"https:\/\/sertv.gob.pa\/nacionalfm\/wp-json\/wp\/v2\/types\/post"}],"author":[{"embeddable":true,"href":"https:\/\/sertv.gob.pa\/nacionalfm\/wp-json\/wp\/v2\/users\/1"}],"replies":[{"embeddable":true,"href":"https:\/\/sertv.gob.pa\/nacionalfm\/wp-json\/wp\/v2\/comments?post=20547"}],"version-history":[{"count":0,"href":"https:\/\/sertv.gob.pa\/nacionalfm\/wp-json\/wp\/v2\/posts\/20547\/revisions"}],"wp:featuredmedia":[{"embeddable":true,"href":"https:\/\/sertv.gob.pa\/nacionalfm\/wp-json\/wp\/v2\/media\/20548"}],"wp:attachment":[{"href":"https:\/\/sertv.gob.pa\/nacionalfm\/wp-json\/wp\/v2\/media?parent=20547"}],"wp:term":[{"taxonomy":"category","embeddable":true,"href":"https:\/\/sertv.gob.pa\/nacionalfm\/wp-json\/wp\/v2\/categories?post=20547"},{"taxonomy":"post_tag","embeddable":true,"href":"https:\/\/sertv.gob.pa\/nacionalfm\/wp-json\/wp\/v2\/tags?post=20547"}],"curies":[{"name":"wp","href":"https:\/\/api.w.org\/{rel}","templated":true}]}}