{"id":20551,"date":"2017-05-18T19:22:19","date_gmt":"2017-05-18T19:22:19","guid":{"rendered":""},"modified":"2017-05-18T19:22:19","modified_gmt":"2017-05-18T19:22:19","slug":"asignan-arbitros-para-semifinales-del-clausura-de-la-lpf","status":"publish","type":"post","link":"https:\/\/sertv.gob.pa\/nacionalfm\/asignan-arbitros-para-semifinales-del-clausura-de-la-lpf\/","title":{"rendered":"Asignan \u00e1rbitros para semifinales del Clausura de la LPF"},"content":{"rendered":"<p>\nLos \u00e1rbitros asignados para las semifinales del Clausura de la Liga Paname\u00f1a de F\u00fatbol son los siguientes: <\/p>\n<p>Para el partido del Plaza Amador frente al Deportivo \u00c1rabe Unido son como \u00e1rbitro central Jafeth Perea, primer asistente Gabriel Victoria, segundo asistente Ronald Bru\u00f1a, cuarto \u00e1rbitro Wenceslao Aguilar y Asesor Arbitral Rafael \u00c1vila. <\/p>\n<p>Para el partido entre el Tauro y el Atl\u00e9tico Verag\u00fcense \u00c1rbitro Ameth S\u00e1nchez, asistente 1 Daniel Williamson, asistente 2 Alejandro Camarena, Cuarto \u00c1rbitro Luis Aguilar y como Asesor Arbitral Manuel Thompson. <\/p>\n<p>\u00a0 <\/p>\n","protected":false},"excerpt":{"rendered":"<p>Los \u00e1rbitros asignados para las semifinales del Clausura de la <a href=\"https:\/\/sertv.gob.pa\/nacionalfm\/asignan-arbitros-para-semifinales-del-clausura-de-la-lpf\/\"> [&#8230;]<\/a><\/p>\n","protected":false},"author":1,"featured_media":20552,"comment_status":"closed","ping_status":"closed","sticky":false,"template":"","format":"standard","meta":{"footnotes":""},"categories":[4],"tags":[],"class_list":["post-20551","post","type-post","status-publish","format-standard","has-post-thumbnail","hentry","category-deportes"],"_links":{"self":[{"href":"https:\/\/sertv.gob.pa\/nacionalfm\/wp-json\/wp\/v2\/posts\/20551","targetHints":{"allow":["GET"]}}],"collection":[{"href":"https:\/\/sertv.gob.pa\/nacionalfm\/wp-json\/wp\/v2\/posts"}],"about":[{"href":"https:\/\/sertv.gob.pa\/nacionalfm\/wp-json\/wp\/v2\/types\/post"}],"author":[{"embeddable":true,"href":"https:\/\/sertv.gob.pa\/nacionalfm\/wp-json\/wp\/v2\/users\/1"}],"replies":[{"embeddable":true,"href":"https:\/\/sertv.gob.pa\/nacionalfm\/wp-json\/wp\/v2\/comments?post=20551"}],"version-history":[{"count":0,"href":"https:\/\/sertv.gob.pa\/nacionalfm\/wp-json\/wp\/v2\/posts\/20551\/revisions"}],"wp:featuredmedia":[{"embeddable":true,"href":"https:\/\/sertv.gob.pa\/nacionalfm\/wp-json\/wp\/v2\/media\/20552"}],"wp:attachment":[{"href":"https:\/\/sertv.gob.pa\/nacionalfm\/wp-json\/wp\/v2\/media?parent=20551"}],"wp:term":[{"taxonomy":"category","embeddable":true,"href":"https:\/\/sertv.gob.pa\/nacionalfm\/wp-json\/wp\/v2\/categories?post=20551"},{"taxonomy":"post_tag","embeddable":true,"href":"https:\/\/sertv.gob.pa\/nacionalfm\/wp-json\/wp\/v2\/tags?post=20551"}],"curies":[{"name":"wp","href":"https:\/\/api.w.org\/{rel}","templated":true}]}}