{"id":2056,"date":"2014-10-14T05:00:00","date_gmt":"2014-10-14T05:00:00","guid":{"rendered":""},"modified":"2014-10-14T05:00:00","modified_gmt":"2014-10-14T05:00:00","slug":"en-diciembre-casos-de-ebola-llegarian-a-10-mil-por-semana","status":"publish","type":"post","link":"https:\/\/sertv.gob.pa\/nacionalfm\/en-diciembre-casos-de-ebola-llegarian-a-10-mil-por-semana\/","title":{"rendered":"En diciembre casos de \u00e9bola llegar\u00edan a 10 mil por semana"},"content":{"rendered":"<p>\nLa Organizaci\u00f3n Mundial de la Salud (OMS) calcula que a principios de diciembre el n\u00famero de casos de \u00e9bola alcanzar\u00e1 una horquilla de entre 5 mil y 10 mil casos por semana, expres\u00f3 en rueda de prensa Bruce Aylward, director general adjunto del organismo internacional. <\/p>\n<p>Aylward, coordinador operacional de la lucha contra la letal enfermedad, \u00abespera\u00bb que en la primera semana de diciembre se alcance ese \u00abpico\u00bb y que a partir de ah\u00ed el n\u00famero de infectados empiece a decrecer de manera paulatina gracias a las acciones de lucha contra la enfermedad que se est\u00e1n aplicando actualmente. <\/p>\n<p>El experto no quiso anunciar cu\u00e1ntos casos acumulados podr\u00eda haber en ese momento, dado que esa cifra depende de muchos factores. <\/p>\n<p>Dicho esto, concord\u00f3 con la asunci\u00f3n generalizada de que la cifra de 20 mil infectados estimada hace unas semanas como factible ser\u00e1 \u00absuperada\u00bb con creces. <\/p>\n<p>Hoy d\u00eda el n\u00famero de infectados es de 8 mil 914 personas, \u00abpor lo que esta semana superaremos los 9 mil casos\u00bb, y el n\u00famero de decesos se sit\u00faa en 4 mil 447, expres\u00f3. <\/p>\n<p>Actualmente, hay un promedio semanal de mil contagios y el porcentaje de mortalidad contin\u00faa situ\u00e1ndose en un 70% de los afectados. <\/p>\n<p>La idea de los responsables de la OMS es conseguir que la curva de crecimiento comience a descender a partir de principios de diciembre y se cumpla con el objetivo de empezar a ver un claro descenso de casos a finales de diciembre. <\/p>\n<p>\u00a0 <\/p>\n","protected":false},"excerpt":{"rendered":"<p>La Organizaci\u00f3n Mundial de la Salud (OMS) calcula que a <a href=\"https:\/\/sertv.gob.pa\/nacionalfm\/en-diciembre-casos-de-ebola-llegarian-a-10-mil-por-semana\/\"> [&#8230;]<\/a><\/p>\n","protected":false},"author":1,"featured_media":2057,"comment_status":"closed","ping_status":"closed","sticky":false,"template":"","format":"standard","meta":{"footnotes":""},"categories":[5],"tags":[],"class_list":["post-2056","post","type-post","status-publish","format-standard","has-post-thumbnail","hentry","category-salud"],"_links":{"self":[{"href":"https:\/\/sertv.gob.pa\/nacionalfm\/wp-json\/wp\/v2\/posts\/2056","targetHints":{"allow":["GET"]}}],"collection":[{"href":"https:\/\/sertv.gob.pa\/nacionalfm\/wp-json\/wp\/v2\/posts"}],"about":[{"href":"https:\/\/sertv.gob.pa\/nacionalfm\/wp-json\/wp\/v2\/types\/post"}],"author":[{"embeddable":true,"href":"https:\/\/sertv.gob.pa\/nacionalfm\/wp-json\/wp\/v2\/users\/1"}],"replies":[{"embeddable":true,"href":"https:\/\/sertv.gob.pa\/nacionalfm\/wp-json\/wp\/v2\/comments?post=2056"}],"version-history":[{"count":0,"href":"https:\/\/sertv.gob.pa\/nacionalfm\/wp-json\/wp\/v2\/posts\/2056\/revisions"}],"wp:featuredmedia":[{"embeddable":true,"href":"https:\/\/sertv.gob.pa\/nacionalfm\/wp-json\/wp\/v2\/media\/2057"}],"wp:attachment":[{"href":"https:\/\/sertv.gob.pa\/nacionalfm\/wp-json\/wp\/v2\/media?parent=2056"}],"wp:term":[{"taxonomy":"category","embeddable":true,"href":"https:\/\/sertv.gob.pa\/nacionalfm\/wp-json\/wp\/v2\/categories?post=2056"},{"taxonomy":"post_tag","embeddable":true,"href":"https:\/\/sertv.gob.pa\/nacionalfm\/wp-json\/wp\/v2\/tags?post=2056"}],"curies":[{"name":"wp","href":"https:\/\/api.w.org\/{rel}","templated":true}]}}