{"id":20581,"date":"2017-05-19T18:10:54","date_gmt":"2017-05-19T18:10:54","guid":{"rendered":""},"modified":"2017-05-19T18:10:54","modified_gmt":"2017-05-19T18:10:54","slug":"casos-de-ebola-en-republica-democratica-del-congo-aumentan-a-29","status":"publish","type":"post","link":"https:\/\/sertv.gob.pa\/nacionalfm\/casos-de-ebola-en-republica-democratica-del-congo-aumentan-a-29\/","title":{"rendered":"Casos de \u00e9bola en Rep\u00fablica Democr\u00e1tica del Congo aumentan a 29"},"content":{"rendered":"<p>\nEl nuevo brote de \u00e9bola en la Rep\u00fablica Democr\u00e1tica del Congo (RDC) afecta actualmente a 29 personas, seg\u00fan un nuevo recuento de la Organizaci\u00f3n Mundial de la Salud (OMS), mientras que el n\u00famero de decesos no ha variado y contin\u00faan siendo dos. <\/p>\n<p>El portavoz de la OMS, Christian Lindmeier, indic\u00f3 en rueda de prensa que se vigila adem\u00e1s 416 contactos con personas afectadas y se han recogido 35 muestras para su an\u00e1lisis. Las autoridades de la RDC han instalado adem\u00e1s un nuevo laboratorio en Likati, en la provincia del Bajo-Uele y donde tiene lugar el brote. <\/p>\n<p>Se trata de una de las m\u00e1s remotas del noreste del pa\u00eds, a 1.400 kil\u00f3metros de la capital, Kinshasa y a m\u00e1s de 350 kil\u00f3metros del centro urbano m\u00e1s cercano. <\/p>\n<p>El jueves, la OMS prometi\u00f3 en que no subestimar\u00e1 el nuevo brote de \u00e9bola en la RDC y que est\u00e1 dispuesta a lanzar una campa\u00f1a de vacunaci\u00f3n si cuenta con el pleno consentimiento de las autoridades.\u00a0 <\/p>\n<p>\u00a0 <\/p>\n","protected":false},"excerpt":{"rendered":"<p>El nuevo brote de \u00e9bola en la Rep\u00fablica Democr\u00e1tica del <a href=\"https:\/\/sertv.gob.pa\/nacionalfm\/casos-de-ebola-en-republica-democratica-del-congo-aumentan-a-29\/\"> [&#8230;]<\/a><\/p>\n","protected":false},"author":1,"featured_media":20582,"comment_status":"closed","ping_status":"closed","sticky":false,"template":"","format":"standard","meta":{"footnotes":""},"categories":[5],"tags":[],"class_list":["post-20581","post","type-post","status-publish","format-standard","has-post-thumbnail","hentry","category-salud"],"_links":{"self":[{"href":"https:\/\/sertv.gob.pa\/nacionalfm\/wp-json\/wp\/v2\/posts\/20581","targetHints":{"allow":["GET"]}}],"collection":[{"href":"https:\/\/sertv.gob.pa\/nacionalfm\/wp-json\/wp\/v2\/posts"}],"about":[{"href":"https:\/\/sertv.gob.pa\/nacionalfm\/wp-json\/wp\/v2\/types\/post"}],"author":[{"embeddable":true,"href":"https:\/\/sertv.gob.pa\/nacionalfm\/wp-json\/wp\/v2\/users\/1"}],"replies":[{"embeddable":true,"href":"https:\/\/sertv.gob.pa\/nacionalfm\/wp-json\/wp\/v2\/comments?post=20581"}],"version-history":[{"count":0,"href":"https:\/\/sertv.gob.pa\/nacionalfm\/wp-json\/wp\/v2\/posts\/20581\/revisions"}],"wp:featuredmedia":[{"embeddable":true,"href":"https:\/\/sertv.gob.pa\/nacionalfm\/wp-json\/wp\/v2\/media\/20582"}],"wp:attachment":[{"href":"https:\/\/sertv.gob.pa\/nacionalfm\/wp-json\/wp\/v2\/media?parent=20581"}],"wp:term":[{"taxonomy":"category","embeddable":true,"href":"https:\/\/sertv.gob.pa\/nacionalfm\/wp-json\/wp\/v2\/categories?post=20581"},{"taxonomy":"post_tag","embeddable":true,"href":"https:\/\/sertv.gob.pa\/nacionalfm\/wp-json\/wp\/v2\/tags?post=20581"}],"curies":[{"name":"wp","href":"https:\/\/api.w.org\/{rel}","templated":true}]}}