{"id":20585,"date":"2017-05-19T18:45:38","date_gmt":"2017-05-19T18:45:38","guid":{"rendered":""},"modified":"2017-05-19T18:45:38","modified_gmt":"2017-05-19T18:45:38","slug":"el-bufalo-sanchez-sorprende-y-arrebata-invicto-a-la-roca-de-gracia","status":"publish","type":"post","link":"https:\/\/sertv.gob.pa\/nacionalfm\/el-bufalo-sanchez-sorprende-y-arrebata-invicto-a-la-roca-de-gracia\/","title":{"rendered":"\u201cEl B\u00fafalo\u201d S\u00e1nchez sorprende y arrebata invicto a la Roca De Gracia"},"content":{"rendered":"<p>\nEl p\u00fagil Jorge &ldquo;El B\u00fafalo&rdquo; S\u00e1nchez sorprendi\u00f3 a la c\u00e1tedra y arrebat\u00f3 el invicto al s\u00e9ptimo pluma de la Asociaci\u00f3n Mundial de Boxeo Bryan &ldquo;La Roca&rdquo; De Gracia para vencerlo por decisi\u00f3n un\u00e1nime de los jueces. <\/p>\n<p>La primera parte del combate se vio un dominio total del chiricano De Gracia hasta que a partir del sexto asalto el p\u00fagil S\u00e1nchez apret\u00f3 el acelerador e hizo lo necesario para convencer a los jueces, luego de un enconado encuentro. <\/p>\n<p>Los tres jueces David Singh, Oldemar Soto y V\u00edctor Simons, todos coincidieron con una estrecha puntuaci\u00f3n de 96-94. <\/p>\n<p>\u00a0 <\/p>\n","protected":false},"excerpt":{"rendered":"<p>El p\u00fagil Jorge &ldquo;El B\u00fafalo&rdquo; S\u00e1nchez sorprendi\u00f3 a la c\u00e1tedra <a href=\"https:\/\/sertv.gob.pa\/nacionalfm\/el-bufalo-sanchez-sorprende-y-arrebata-invicto-a-la-roca-de-gracia\/\"> [&#8230;]<\/a><\/p>\n","protected":false},"author":1,"featured_media":20586,"comment_status":"closed","ping_status":"closed","sticky":false,"template":"","format":"standard","meta":{"footnotes":""},"categories":[4],"tags":[],"class_list":["post-20585","post","type-post","status-publish","format-standard","has-post-thumbnail","hentry","category-deportes"],"_links":{"self":[{"href":"https:\/\/sertv.gob.pa\/nacionalfm\/wp-json\/wp\/v2\/posts\/20585","targetHints":{"allow":["GET"]}}],"collection":[{"href":"https:\/\/sertv.gob.pa\/nacionalfm\/wp-json\/wp\/v2\/posts"}],"about":[{"href":"https:\/\/sertv.gob.pa\/nacionalfm\/wp-json\/wp\/v2\/types\/post"}],"author":[{"embeddable":true,"href":"https:\/\/sertv.gob.pa\/nacionalfm\/wp-json\/wp\/v2\/users\/1"}],"replies":[{"embeddable":true,"href":"https:\/\/sertv.gob.pa\/nacionalfm\/wp-json\/wp\/v2\/comments?post=20585"}],"version-history":[{"count":0,"href":"https:\/\/sertv.gob.pa\/nacionalfm\/wp-json\/wp\/v2\/posts\/20585\/revisions"}],"wp:featuredmedia":[{"embeddable":true,"href":"https:\/\/sertv.gob.pa\/nacionalfm\/wp-json\/wp\/v2\/media\/20586"}],"wp:attachment":[{"href":"https:\/\/sertv.gob.pa\/nacionalfm\/wp-json\/wp\/v2\/media?parent=20585"}],"wp:term":[{"taxonomy":"category","embeddable":true,"href":"https:\/\/sertv.gob.pa\/nacionalfm\/wp-json\/wp\/v2\/categories?post=20585"},{"taxonomy":"post_tag","embeddable":true,"href":"https:\/\/sertv.gob.pa\/nacionalfm\/wp-json\/wp\/v2\/tags?post=20585"}],"curies":[{"name":"wp","href":"https:\/\/api.w.org\/{rel}","templated":true}]}}