{"id":20587,"date":"2017-05-19T19:09:09","date_gmt":"2017-05-19T19:09:09","guid":{"rendered":""},"modified":"2017-05-19T19:09:09","modified_gmt":"2017-05-19T19:09:09","slug":"entrenadores-elites-de-panama-reciben-curso-de-fifa","status":"publish","type":"post","link":"https:\/\/sertv.gob.pa\/nacionalfm\/entrenadores-elites-de-panama-reciben-curso-de-fifa\/","title":{"rendered":"Entrenadores \u00e9lites de Panam\u00e1 reciben curso de FIFA"},"content":{"rendered":"<p>\nLos entrenadores \u00e9lites de Panam\u00e1 recibir\u00e1n un curso FIFA, del 22 al 26 de mayo, organizado por el Departamento de Desarrollo T\u00e9cnico de la Federaci\u00f3n Paname\u00f1a de F\u00fatbol. <\/p>\n<p>Ser\u00e1n cuarenta horas de instrucci\u00f3n bajo la gu\u00eda del argentino Vicente De Luise, quien fue nominado en el 2014\u00a0al AGLA Futsal Awards como  &ldquo;  Mejor Director T\u00e9cnico del Mundo  &rdquo; \u00a0 de una selecci\u00f3n nacional.  <\/p>\n<p>La capacitaci\u00f3n tratar\u00e1 temas como, la metodolog\u00eda para la formaci\u00f3n de entrenadores, desarrollo de t\u00e9cnica, an\u00e1lisis de partidos del pasado mundial e incluir\u00e1 sesiones pr\u00e1cticas que se realizar\u00e1n en la Arena Roberto Dur\u00e1n y el Gimnasio de la Universidad Santa Mar\u00eda La Antigua. <\/p>\n<p>Son 34 entrenadores del pa\u00eds los que participar\u00e1n y quienes se preparan para el Campeonato Nacional de FUTSAL que ser\u00e1 en agosto. <\/p>\n<p>\u00a0 <\/p>\n<p>\u00a0 <\/p>\n<p>\u00a0 <\/p>\n","protected":false},"excerpt":{"rendered":"<p>Los entrenadores \u00e9lites de Panam\u00e1 recibir\u00e1n un curso FIFA, del <a href=\"https:\/\/sertv.gob.pa\/nacionalfm\/entrenadores-elites-de-panama-reciben-curso-de-fifa\/\"> [&#8230;]<\/a><\/p>\n","protected":false},"author":1,"featured_media":20588,"comment_status":"closed","ping_status":"closed","sticky":false,"template":"","format":"standard","meta":{"footnotes":""},"categories":[4],"tags":[],"class_list":["post-20587","post","type-post","status-publish","format-standard","has-post-thumbnail","hentry","category-deportes"],"_links":{"self":[{"href":"https:\/\/sertv.gob.pa\/nacionalfm\/wp-json\/wp\/v2\/posts\/20587","targetHints":{"allow":["GET"]}}],"collection":[{"href":"https:\/\/sertv.gob.pa\/nacionalfm\/wp-json\/wp\/v2\/posts"}],"about":[{"href":"https:\/\/sertv.gob.pa\/nacionalfm\/wp-json\/wp\/v2\/types\/post"}],"author":[{"embeddable":true,"href":"https:\/\/sertv.gob.pa\/nacionalfm\/wp-json\/wp\/v2\/users\/1"}],"replies":[{"embeddable":true,"href":"https:\/\/sertv.gob.pa\/nacionalfm\/wp-json\/wp\/v2\/comments?post=20587"}],"version-history":[{"count":0,"href":"https:\/\/sertv.gob.pa\/nacionalfm\/wp-json\/wp\/v2\/posts\/20587\/revisions"}],"wp:featuredmedia":[{"embeddable":true,"href":"https:\/\/sertv.gob.pa\/nacionalfm\/wp-json\/wp\/v2\/media\/20588"}],"wp:attachment":[{"href":"https:\/\/sertv.gob.pa\/nacionalfm\/wp-json\/wp\/v2\/media?parent=20587"}],"wp:term":[{"taxonomy":"category","embeddable":true,"href":"https:\/\/sertv.gob.pa\/nacionalfm\/wp-json\/wp\/v2\/categories?post=20587"},{"taxonomy":"post_tag","embeddable":true,"href":"https:\/\/sertv.gob.pa\/nacionalfm\/wp-json\/wp\/v2\/tags?post=20587"}],"curies":[{"name":"wp","href":"https:\/\/api.w.org\/{rel}","templated":true}]}}