{"id":20593,"date":"2017-05-22T12:58:13","date_gmt":"2017-05-22T12:58:13","guid":{"rendered":""},"modified":"2017-05-22T12:58:13","modified_gmt":"2017-05-22T12:58:13","slug":"panama-y-peru-finalizan-ii-reunion-del-mecanismo-de-consultas-politicas","status":"publish","type":"post","link":"https:\/\/sertv.gob.pa\/nacionalfm\/panama-y-peru-finalizan-ii-reunion-del-mecanismo-de-consultas-politicas\/","title":{"rendered":"Panam\u00e1 y Per\u00fa finalizan II Reuni\u00f3n del Mecanismo de Consultas Pol\u00edticas"},"content":{"rendered":"<p>\nEl Viceministro de Relaciones Exteriores de Panam\u00e1, Luis Miguel Hincapi\u00e9, y su hom\u00f3logo peruano N\u00e9stor Francisco Popolizio, presidieron recientemente, la  II Reuni\u00f3n del Mecanismo de Consultas Pol\u00edticas  entre ambos pa\u00edses, \u00a0con la finalidad de continuar estrechando y profundizando las relaciones de amistad y di\u00e1logo, con especial \u00e9nfasis en las \u00e1reas de pol\u00edtica, cooperaci\u00f3n, seguridad, comercial, tributaria y tur\u00edstica.\u00a0 <\/p>\n<p>Ambos Viceministros, se congratularon por celebrar este segundo encuentro en el cual encomiaron los avances alcanzados entre ambos pa\u00edses desde el primer encuentro, al tiempo que resaltaron los lazos de cooperaci\u00f3n, amistad y las numerosas coincidencias que Panam\u00e1 y Per\u00fa mantienen en temas del \u00e1mbito bilateral, regional y multilateral. <\/p>\n<p>En ese contexto, las autoridades acordaron seguir manteniendo reuniones bilaterales peri\u00f3dicas de alto nivel, a fin de \u00a0dar seguimiento al desarrollo de la agenda pol\u00edtica com\u00fan. <\/p>\n<p>La Delegaci\u00f3n de Panam\u00e1, agradeci\u00f3 la hospitalidad y atenci\u00f3n recibida por parte del Gobierno del Per\u00fa, as\u00ed como el apoyo brindado para el \u00e9xito de los trabajos de esta  II Reuni\u00f3n del Mecanismo de Consultas Pol\u00edticas.  <\/p>\n<p>\u00a0 <\/p>\n","protected":false},"excerpt":{"rendered":"<p>El Viceministro de Relaciones Exteriores de Panam\u00e1, Luis Miguel Hincapi\u00e9, <a href=\"https:\/\/sertv.gob.pa\/nacionalfm\/panama-y-peru-finalizan-ii-reunion-del-mecanismo-de-consultas-politicas\/\"> [&#8230;]<\/a><\/p>\n","protected":false},"author":1,"featured_media":20594,"comment_status":"closed","ping_status":"closed","sticky":false,"template":"","format":"standard","meta":{"footnotes":""},"categories":[2],"tags":[],"class_list":["post-20593","post","type-post","status-publish","format-standard","has-post-thumbnail","hentry","category-nacionales"],"_links":{"self":[{"href":"https:\/\/sertv.gob.pa\/nacionalfm\/wp-json\/wp\/v2\/posts\/20593","targetHints":{"allow":["GET"]}}],"collection":[{"href":"https:\/\/sertv.gob.pa\/nacionalfm\/wp-json\/wp\/v2\/posts"}],"about":[{"href":"https:\/\/sertv.gob.pa\/nacionalfm\/wp-json\/wp\/v2\/types\/post"}],"author":[{"embeddable":true,"href":"https:\/\/sertv.gob.pa\/nacionalfm\/wp-json\/wp\/v2\/users\/1"}],"replies":[{"embeddable":true,"href":"https:\/\/sertv.gob.pa\/nacionalfm\/wp-json\/wp\/v2\/comments?post=20593"}],"version-history":[{"count":0,"href":"https:\/\/sertv.gob.pa\/nacionalfm\/wp-json\/wp\/v2\/posts\/20593\/revisions"}],"wp:featuredmedia":[{"embeddable":true,"href":"https:\/\/sertv.gob.pa\/nacionalfm\/wp-json\/wp\/v2\/media\/20594"}],"wp:attachment":[{"href":"https:\/\/sertv.gob.pa\/nacionalfm\/wp-json\/wp\/v2\/media?parent=20593"}],"wp:term":[{"taxonomy":"category","embeddable":true,"href":"https:\/\/sertv.gob.pa\/nacionalfm\/wp-json\/wp\/v2\/categories?post=20593"},{"taxonomy":"post_tag","embeddable":true,"href":"https:\/\/sertv.gob.pa\/nacionalfm\/wp-json\/wp\/v2\/tags?post=20593"}],"curies":[{"name":"wp","href":"https:\/\/api.w.org\/{rel}","templated":true}]}}