{"id":20619,"date":"2017-05-22T17:22:22","date_gmt":"2017-05-22T17:22:22","guid":{"rendered":""},"modified":"2017-05-22T17:22:22","modified_gmt":"2017-05-22T17:22:22","slug":"colon-campeon-en-softbol-femenino-al-vencer-a-herrera","status":"publish","type":"post","link":"https:\/\/sertv.gob.pa\/nacionalfm\/colon-campeon-en-softbol-femenino-al-vencer-a-herrera\/","title":{"rendered":"Col\u00f3n campe\u00f3n en Softbol Femenino al vencer a Herrera"},"content":{"rendered":"<p>\nEn el Softbol Mayor Femenino el equipo de Col\u00f3n se llev\u00f3 el campeonato 3 carreras por 2 ante Heerrera, en torneo organizado por la Federaci\u00f3n Paname\u00f1a de Softbol, con el respaldo del Instituto Paname\u00f1o de Deportes. <\/p>\n<p>Col\u00f3n se impuso a Herrera por 3 carreras a 2 en el partido final para alzarse con el t\u00edtulo del Campeonato Nacional de Softbol Mayor Femenino, en el torneo realizado en Los Santos, bajo la organizaci\u00f3n de la Federaci\u00f3n Paname\u00f1a de Softbol y el respaldo del Instituto Paname\u00f1o de Deportes (Pandeportes). <\/p>\n<p>Alida Guerrero de 3-2 y Dayra Rodr\u00edguez de 2-1 mandaron en el bateo de siete hits de las colonenses. Yulissa Mendieta de 3-2 result\u00f3 la mejor en la ofensiva por las herreranas. <\/p>\n<p>El certamen nacional efectuado en los campos de juego de La Campi\u00f1a y La Hermita de Las Tablas cont\u00f3 con la participaci\u00f3n de novenas representativas de las 10 provincias. <\/p>\n<p>\u00a0 <\/p>\n","protected":false},"excerpt":{"rendered":"<p>En el Softbol Mayor Femenino el equipo de Col\u00f3n se <a href=\"https:\/\/sertv.gob.pa\/nacionalfm\/colon-campeon-en-softbol-femenino-al-vencer-a-herrera\/\"> [&#8230;]<\/a><\/p>\n","protected":false},"author":1,"featured_media":20620,"comment_status":"closed","ping_status":"closed","sticky":false,"template":"","format":"standard","meta":{"footnotes":""},"categories":[4],"tags":[],"class_list":["post-20619","post","type-post","status-publish","format-standard","has-post-thumbnail","hentry","category-deportes"],"_links":{"self":[{"href":"https:\/\/sertv.gob.pa\/nacionalfm\/wp-json\/wp\/v2\/posts\/20619","targetHints":{"allow":["GET"]}}],"collection":[{"href":"https:\/\/sertv.gob.pa\/nacionalfm\/wp-json\/wp\/v2\/posts"}],"about":[{"href":"https:\/\/sertv.gob.pa\/nacionalfm\/wp-json\/wp\/v2\/types\/post"}],"author":[{"embeddable":true,"href":"https:\/\/sertv.gob.pa\/nacionalfm\/wp-json\/wp\/v2\/users\/1"}],"replies":[{"embeddable":true,"href":"https:\/\/sertv.gob.pa\/nacionalfm\/wp-json\/wp\/v2\/comments?post=20619"}],"version-history":[{"count":0,"href":"https:\/\/sertv.gob.pa\/nacionalfm\/wp-json\/wp\/v2\/posts\/20619\/revisions"}],"wp:featuredmedia":[{"embeddable":true,"href":"https:\/\/sertv.gob.pa\/nacionalfm\/wp-json\/wp\/v2\/media\/20620"}],"wp:attachment":[{"href":"https:\/\/sertv.gob.pa\/nacionalfm\/wp-json\/wp\/v2\/media?parent=20619"}],"wp:term":[{"taxonomy":"category","embeddable":true,"href":"https:\/\/sertv.gob.pa\/nacionalfm\/wp-json\/wp\/v2\/categories?post=20619"},{"taxonomy":"post_tag","embeddable":true,"href":"https:\/\/sertv.gob.pa\/nacionalfm\/wp-json\/wp\/v2\/tags?post=20619"}],"curies":[{"name":"wp","href":"https:\/\/api.w.org\/{rel}","templated":true}]}}