{"id":20621,"date":"2017-05-22T17:49:04","date_gmt":"2017-05-22T17:49:04","guid":{"rendered":""},"modified":"2017-05-22T17:49:04","modified_gmt":"2017-05-22T17:49:04","slug":"posibilidades-de-que-el-nica-concepcion-tenga-accion-en-panama","status":"publish","type":"post","link":"https:\/\/sertv.gob.pa\/nacionalfm\/posibilidades-de-que-el-nica-concepcion-tenga-accion-en-panama\/","title":{"rendered":"Posibilidades de que \u201cEl Nica\u201d Concepci\u00f3n tenga acci\u00f3n en Panam\u00e1"},"content":{"rendered":"<p>\nEl promotor Rogelio Espinho dio a conocer a Nacional FM las posibilidades de que su pupilo Luis &ldquo;El Nica&rdquo; Concepci\u00f3n tenga acci\u00f3n en Panam\u00e1 en los pr\u00f3ximos meses. <\/p>\n<p>Las declaraciones se dieron luego de que se han manejado opciones para que &ldquo;El Nica&rdquo; Concepci\u00f3n tenga acci\u00f3n y no ha sido posible. Se han estudiado ofertas con el ex campe\u00f3n mexicano Carlos Cuadras pero por problemas contractuales de este no se pudo efectuar y por otro lado con el p\u00fagil Ir\u00e1n D\u00edaz y \u00faltimo vencedor de Hern\u00e1n &ldquo;Tyson&rdquo; M\u00e1ruqez, pero las negociaciones no han llegado a feliz t\u00e9rmino. <\/p>\n<p>Por lo tanto Espihho ha considerado que Luis &ldquo;El Nica&rdquo; Concepci\u00f3n tenga acci\u00f3n en Panam\u00e1, por lo que pronto estar\u00e1 dando pormenores al respecto. <\/p>\n","protected":false},"excerpt":{"rendered":"<p>El promotor Rogelio Espinho dio a conocer a Nacional FM <a href=\"https:\/\/sertv.gob.pa\/nacionalfm\/posibilidades-de-que-el-nica-concepcion-tenga-accion-en-panama\/\"> [&#8230;]<\/a><\/p>\n","protected":false},"author":1,"featured_media":20622,"comment_status":"closed","ping_status":"closed","sticky":false,"template":"","format":"standard","meta":{"footnotes":""},"categories":[4],"tags":[],"class_list":["post-20621","post","type-post","status-publish","format-standard","has-post-thumbnail","hentry","category-deportes"],"_links":{"self":[{"href":"https:\/\/sertv.gob.pa\/nacionalfm\/wp-json\/wp\/v2\/posts\/20621","targetHints":{"allow":["GET"]}}],"collection":[{"href":"https:\/\/sertv.gob.pa\/nacionalfm\/wp-json\/wp\/v2\/posts"}],"about":[{"href":"https:\/\/sertv.gob.pa\/nacionalfm\/wp-json\/wp\/v2\/types\/post"}],"author":[{"embeddable":true,"href":"https:\/\/sertv.gob.pa\/nacionalfm\/wp-json\/wp\/v2\/users\/1"}],"replies":[{"embeddable":true,"href":"https:\/\/sertv.gob.pa\/nacionalfm\/wp-json\/wp\/v2\/comments?post=20621"}],"version-history":[{"count":0,"href":"https:\/\/sertv.gob.pa\/nacionalfm\/wp-json\/wp\/v2\/posts\/20621\/revisions"}],"wp:featuredmedia":[{"embeddable":true,"href":"https:\/\/sertv.gob.pa\/nacionalfm\/wp-json\/wp\/v2\/media\/20622"}],"wp:attachment":[{"href":"https:\/\/sertv.gob.pa\/nacionalfm\/wp-json\/wp\/v2\/media?parent=20621"}],"wp:term":[{"taxonomy":"category","embeddable":true,"href":"https:\/\/sertv.gob.pa\/nacionalfm\/wp-json\/wp\/v2\/categories?post=20621"},{"taxonomy":"post_tag","embeddable":true,"href":"https:\/\/sertv.gob.pa\/nacionalfm\/wp-json\/wp\/v2\/tags?post=20621"}],"curies":[{"name":"wp","href":"https:\/\/api.w.org\/{rel}","templated":true}]}}