{"id":20625,"date":"2017-05-22T17:59:41","date_gmt":"2017-05-22T17:59:41","guid":{"rendered":""},"modified":"2017-05-22T17:59:41","modified_gmt":"2017-05-22T17:59:41","slug":"tercer-caso-de-hantavirus-en-los-santos-es-confirmado","status":"publish","type":"post","link":"https:\/\/sertv.gob.pa\/nacionalfm\/tercer-caso-de-hantavirus-en-los-santos-es-confirmado\/","title":{"rendered":"Tercer caso de Hantavirus en Los Santos es confirmado"},"content":{"rendered":"<p>\nUn tercer caso positivo de fiebre por Hantavirus fue confirmado en la provincia de Los Santos, por parte de las autoridades del Ministerio de Salud (Minsa). <\/p>\n<p>Se trata de una paciente de 61 a\u00f1os, procedente de la comunidad de El Bebedero de Tonos\u00ed, quien se mantiene en el \u00a0cuarto de urgencias del hospital Joaqu\u00edn Pablo Franco de Las Tablas. <\/p>\n<p>Carlos Mu\u00f1oz, epidemi\u00f3logo del Minsa en Los Santos, inform\u00f3 que la paciente enferm\u00f3 el pasado 12 de mayo, pero fue hasta la semana pasada que las pruebas confirmaron el caso. <\/p>\n<p>Mu\u00f1oz se\u00f1al\u00f3 que la paciente se halla estable y est\u00e1n a la espera de los resultados de las pruebas de laboratorios. <\/p>\n<p>En el 2016 hubo 5 casos de fiebre por Hanta y en el 2015 hubo un total de 20 casos. <\/p>\n<p>\u00a0 <\/p>\n","protected":false},"excerpt":{"rendered":"<p>Un tercer caso positivo de fiebre por Hantavirus fue confirmado <a href=\"https:\/\/sertv.gob.pa\/nacionalfm\/tercer-caso-de-hantavirus-en-los-santos-es-confirmado\/\"> [&#8230;]<\/a><\/p>\n","protected":false},"author":1,"featured_media":20626,"comment_status":"closed","ping_status":"closed","sticky":false,"template":"","format":"standard","meta":{"footnotes":""},"categories":[5],"tags":[],"class_list":["post-20625","post","type-post","status-publish","format-standard","has-post-thumbnail","hentry","category-salud"],"_links":{"self":[{"href":"https:\/\/sertv.gob.pa\/nacionalfm\/wp-json\/wp\/v2\/posts\/20625","targetHints":{"allow":["GET"]}}],"collection":[{"href":"https:\/\/sertv.gob.pa\/nacionalfm\/wp-json\/wp\/v2\/posts"}],"about":[{"href":"https:\/\/sertv.gob.pa\/nacionalfm\/wp-json\/wp\/v2\/types\/post"}],"author":[{"embeddable":true,"href":"https:\/\/sertv.gob.pa\/nacionalfm\/wp-json\/wp\/v2\/users\/1"}],"replies":[{"embeddable":true,"href":"https:\/\/sertv.gob.pa\/nacionalfm\/wp-json\/wp\/v2\/comments?post=20625"}],"version-history":[{"count":0,"href":"https:\/\/sertv.gob.pa\/nacionalfm\/wp-json\/wp\/v2\/posts\/20625\/revisions"}],"wp:featuredmedia":[{"embeddable":true,"href":"https:\/\/sertv.gob.pa\/nacionalfm\/wp-json\/wp\/v2\/media\/20626"}],"wp:attachment":[{"href":"https:\/\/sertv.gob.pa\/nacionalfm\/wp-json\/wp\/v2\/media?parent=20625"}],"wp:term":[{"taxonomy":"category","embeddable":true,"href":"https:\/\/sertv.gob.pa\/nacionalfm\/wp-json\/wp\/v2\/categories?post=20625"},{"taxonomy":"post_tag","embeddable":true,"href":"https:\/\/sertv.gob.pa\/nacionalfm\/wp-json\/wp\/v2\/tags?post=20625"}],"curies":[{"name":"wp","href":"https:\/\/api.w.org\/{rel}","templated":true}]}}