{"id":20635,"date":"2017-05-22T18:51:18","date_gmt":"2017-05-22T18:51:18","guid":{"rendered":""},"modified":"2017-05-22T18:51:18","modified_gmt":"2017-05-22T18:51:18","slug":"final-del-clausura-2017-de-las-reservas-este-jueves","status":"publish","type":"post","link":"https:\/\/sertv.gob.pa\/nacionalfm\/final-del-clausura-2017-de-las-reservas-este-jueves\/","title":{"rendered":"Final del Clausura 2017 de las Reservas este jueves"},"content":{"rendered":"<p>\nEl Plaza Amador y el San Francisco se disputar\u00e1n este jueves 25 de mayo la Gran Final del Torneo de Clausura de las Reservas en el estadio Maracan\u00e1 del Chorrillo y dar\u00e1 inicio a las 8 de la noche. <\/p>\n<p>Los placinos llegan a este partido por el t\u00edtulo luego de eliminar al Tauro FC con una espectacular remontada en el estadio Maracan\u00e1, mientras que los Chorreranos aseguraron su puesto en la final tras ganar como locales por 5-3 y perder de visitantes por 0-1 frene al \u00c1rabe Unido de Col\u00f3n. <\/p>\n<p>El Plaza fue el ganador en el marcador global de los dos partidos de ronda regular, venciendo al Sanfran en la quinta jornada por marcador de 2-0 con goles de Jos\u00e9 Calder\u00f3n y Alonzo Edwards, y empatando a un gol en la decimocuarta jornada, Kevin Mcfarlane anot\u00f3 por los leones y Justin Simons hizo el gol chorrerano. <\/p>\n<p>\u00a0 <\/p>\n<p>\u00a0 <\/p>\n<p>\u00a0 <\/p>\n<p>\u00a0 <\/p>\n<p>\u00a0 <\/p>\n<p>\u00a0 <\/p>\n","protected":false},"excerpt":{"rendered":"<p>El Plaza Amador y el San Francisco se disputar\u00e1n este <a href=\"https:\/\/sertv.gob.pa\/nacionalfm\/final-del-clausura-2017-de-las-reservas-este-jueves\/\"> [&#8230;]<\/a><\/p>\n","protected":false},"author":1,"featured_media":20636,"comment_status":"closed","ping_status":"closed","sticky":false,"template":"","format":"standard","meta":{"footnotes":""},"categories":[4],"tags":[],"class_list":["post-20635","post","type-post","status-publish","format-standard","has-post-thumbnail","hentry","category-deportes"],"_links":{"self":[{"href":"https:\/\/sertv.gob.pa\/nacionalfm\/wp-json\/wp\/v2\/posts\/20635","targetHints":{"allow":["GET"]}}],"collection":[{"href":"https:\/\/sertv.gob.pa\/nacionalfm\/wp-json\/wp\/v2\/posts"}],"about":[{"href":"https:\/\/sertv.gob.pa\/nacionalfm\/wp-json\/wp\/v2\/types\/post"}],"author":[{"embeddable":true,"href":"https:\/\/sertv.gob.pa\/nacionalfm\/wp-json\/wp\/v2\/users\/1"}],"replies":[{"embeddable":true,"href":"https:\/\/sertv.gob.pa\/nacionalfm\/wp-json\/wp\/v2\/comments?post=20635"}],"version-history":[{"count":0,"href":"https:\/\/sertv.gob.pa\/nacionalfm\/wp-json\/wp\/v2\/posts\/20635\/revisions"}],"wp:featuredmedia":[{"embeddable":true,"href":"https:\/\/sertv.gob.pa\/nacionalfm\/wp-json\/wp\/v2\/media\/20636"}],"wp:attachment":[{"href":"https:\/\/sertv.gob.pa\/nacionalfm\/wp-json\/wp\/v2\/media?parent=20635"}],"wp:term":[{"taxonomy":"category","embeddable":true,"href":"https:\/\/sertv.gob.pa\/nacionalfm\/wp-json\/wp\/v2\/categories?post=20635"},{"taxonomy":"post_tag","embeddable":true,"href":"https:\/\/sertv.gob.pa\/nacionalfm\/wp-json\/wp\/v2\/tags?post=20635"}],"curies":[{"name":"wp","href":"https:\/\/api.w.org\/{rel}","templated":true}]}}