{"id":20663,"date":"2017-05-23T17:55:30","date_gmt":"2017-05-23T17:55:30","guid":{"rendered":""},"modified":"2017-05-23T17:55:30","modified_gmt":"2017-05-23T17:55:30","slug":"millonaria-inversion-en-costa-rica-en-dosis-contra-influenza","status":"publish","type":"post","link":"https:\/\/sertv.gob.pa\/nacionalfm\/millonaria-inversion-en-costa-rica-en-dosis-contra-influenza\/","title":{"rendered":"Millonaria inversi\u00f3n en Costa Rica en dosis contra influenza"},"content":{"rendered":"<p>\nLa Caja Costarricense de Seguro Social (CCSS) inform\u00f3 que aplicar\u00e1, a partir del pr\u00f3ximo mes de junio, 1,3 millones vacunas contra la influenza, con una inversi\u00f3n de 5,3 millones de d\u00f3lares. <\/p>\n<p>Las dosis ser\u00e1n para proteger a los ni\u00f1os mayores de 6 meses y menores de 5 a\u00f1os, as\u00ed como los adultos de m\u00e1s de 60 a\u00f1os. Igualmente vacunar\u00e1n a personas en grupos de riesgo como pacientes con c\u00e1ncer, diabetes, obesidad m\u00f3rbida, enfermedad pulmonar obstructiva cr\u00f3nica, asma, embarazadas y trastornos neurol\u00f3gicos, entre otros. <\/p>\n<p>\u00a0 <\/p>\n","protected":false},"excerpt":{"rendered":"<p>La Caja Costarricense de Seguro Social (CCSS) inform\u00f3 que aplicar\u00e1, <a href=\"https:\/\/sertv.gob.pa\/nacionalfm\/millonaria-inversion-en-costa-rica-en-dosis-contra-influenza\/\"> [&#8230;]<\/a><\/p>\n","protected":false},"author":1,"featured_media":20664,"comment_status":"closed","ping_status":"closed","sticky":false,"template":"","format":"standard","meta":{"footnotes":""},"categories":[5],"tags":[],"class_list":["post-20663","post","type-post","status-publish","format-standard","has-post-thumbnail","hentry","category-salud"],"_links":{"self":[{"href":"https:\/\/sertv.gob.pa\/nacionalfm\/wp-json\/wp\/v2\/posts\/20663","targetHints":{"allow":["GET"]}}],"collection":[{"href":"https:\/\/sertv.gob.pa\/nacionalfm\/wp-json\/wp\/v2\/posts"}],"about":[{"href":"https:\/\/sertv.gob.pa\/nacionalfm\/wp-json\/wp\/v2\/types\/post"}],"author":[{"embeddable":true,"href":"https:\/\/sertv.gob.pa\/nacionalfm\/wp-json\/wp\/v2\/users\/1"}],"replies":[{"embeddable":true,"href":"https:\/\/sertv.gob.pa\/nacionalfm\/wp-json\/wp\/v2\/comments?post=20663"}],"version-history":[{"count":0,"href":"https:\/\/sertv.gob.pa\/nacionalfm\/wp-json\/wp\/v2\/posts\/20663\/revisions"}],"wp:featuredmedia":[{"embeddable":true,"href":"https:\/\/sertv.gob.pa\/nacionalfm\/wp-json\/wp\/v2\/media\/20664"}],"wp:attachment":[{"href":"https:\/\/sertv.gob.pa\/nacionalfm\/wp-json\/wp\/v2\/media?parent=20663"}],"wp:term":[{"taxonomy":"category","embeddable":true,"href":"https:\/\/sertv.gob.pa\/nacionalfm\/wp-json\/wp\/v2\/categories?post=20663"},{"taxonomy":"post_tag","embeddable":true,"href":"https:\/\/sertv.gob.pa\/nacionalfm\/wp-json\/wp\/v2\/tags?post=20663"}],"curies":[{"name":"wp","href":"https:\/\/api.w.org\/{rel}","templated":true}]}}