{"id":20665,"date":"2017-05-23T18:00:23","date_gmt":"2017-05-23T18:00:23","guid":{"rendered":""},"modified":"2017-05-23T18:00:23","modified_gmt":"2017-05-23T18:00:23","slug":"tecnoestres-el-impacto-negativo-de-la-tecnologia-en-la-salud","status":"publish","type":"post","link":"https:\/\/sertv.gob.pa\/nacionalfm\/tecnoestres-el-impacto-negativo-de-la-tecnologia-en-la-salud\/","title":{"rendered":"Tecnoestr\u00e9s, el impacto negativo de la tecnolog\u00eda en la salud"},"content":{"rendered":"<p>\nSer o no ser un adicto a la tecnolog\u00eda puede derivar en un problema com\u00fan: el tecnoestr\u00e9s. <\/p>\n<p>El t\u00e9rmino se refiere a una &ldquo;enfermedad de adaptaci\u00f3n, el impacto negativo que tiene el uso de las tecnolog\u00edas en una persona&rdquo;, asegur\u00f3 Juana Patl\u00e1n, profesora de la Facultad de Psicolog\u00eda de la Universidad Nacional Aut\u00f3noma de M\u00e9xico (UNAM). <\/p>\n<p>Este trastorno se presenta en todas las personas que por su trabajo o actividades cotidianas est\u00e1n en contacto con las tecnolog\u00edas de la informaci\u00f3n y la comunicaci\u00f3n (TIC). <\/p>\n<p>&ldquo;En realidad el uso de las TIC por s\u00ed mismo no genera tecnoestr\u00e9s. Son muchos factores los que intervienen, pues hay personas que no tienen habilidades para manejarlas, no tienen buena capacitaci\u00f3n y eso influye en su personalidad, autoestima y autoeficacia&rdquo;, explic\u00f3 la especialista. <\/p>\n<p>Seg\u00fan el Programa de Naciones Unidas para el Desarrollo, cerca del 52% de los usuarios de Internet en el planeta padece alg\u00fan tipo de conducta adictiva relacionada al uso de dispositivos tecnol\u00f3gicos o a los h\u00e1bitos de uso de Internet y redes sociales. <\/p>\n<p>En M\u00e9xico, la Asociaci\u00f3n Psicoanal\u00edtica Mexicana (APM) estima que 2% de la poblaci\u00f3n entre 11 y 18 a\u00f1os es adicta a la tecnolog\u00eda. <\/p>\n<p>&ldquo;Es una cifra relativamente baja al compararla con otros pa\u00edses como Estados Unidos en donde la proporci\u00f3n puede llegar al 40%, o Taiw\u00e1n donde el 80% de los j\u00f3venes presenta esta adicci\u00f3n, pero a\u00fan as\u00ed es un porcentaje que debe preocupar ya que hace apenas dos a\u00f1os era de 0.5 %&rdquo;, indic\u00f3 Delia Hinojosa, presidenta de la APM. <\/p>\n<p>Seg\u00fan datos publicados en mayo del 2016 en la Encuesta de H\u00e1bitos de los Usuarios de Internet en M\u00e9xico efectuada por la Asociaci\u00f3n Mexicana de Internet (AMIPCI), 65 millones de mexicanos tienen acceso a Internet, lo que representa casi el 59 % de la poblaci\u00f3n total. <\/p>\n<p>El 47 % de ellos acept\u00f3 que el uso de tecnolog\u00eda hab\u00eda cambiado sus h\u00e1bitos y estilos de vida de forma significativa. <\/p>\n<p>En promedio el usuario de tecnolog\u00eda en M\u00e9xico se conecta a Internet 7 horas y 15 minutos al d\u00eda, principalmente para utilizar redes sociales. As\u00ed, los efectos que el tecnoestr\u00e9s puede generar en una persona son &ldquo;ansiedad, dolores de cabeza, musculares, irritabilidad&rdquo;, manifiesta Patl\u00e1n. <\/p>\n<p>La profesora universitaria explica que las personas que usan las tecnolog\u00edas se pueden clasificar en cinco grupos: aquellas que las utilizan s\u00f3lo lo necesario, las que las aceptan y adaptan a las necesidades, las que realmente disfrutan trabajar con <\/p>\n","protected":false},"excerpt":{"rendered":"<p>Ser o no ser un adicto a la tecnolog\u00eda puede <a href=\"https:\/\/sertv.gob.pa\/nacionalfm\/tecnoestres-el-impacto-negativo-de-la-tecnologia-en-la-salud\/\"> [&#8230;]<\/a><\/p>\n","protected":false},"author":1,"featured_media":20666,"comment_status":"closed","ping_status":"closed","sticky":false,"template":"","format":"standard","meta":{"footnotes":""},"categories":[5],"tags":[],"class_list":["post-20665","post","type-post","status-publish","format-standard","has-post-thumbnail","hentry","category-salud"],"_links":{"self":[{"href":"https:\/\/sertv.gob.pa\/nacionalfm\/wp-json\/wp\/v2\/posts\/20665","targetHints":{"allow":["GET"]}}],"collection":[{"href":"https:\/\/sertv.gob.pa\/nacionalfm\/wp-json\/wp\/v2\/posts"}],"about":[{"href":"https:\/\/sertv.gob.pa\/nacionalfm\/wp-json\/wp\/v2\/types\/post"}],"author":[{"embeddable":true,"href":"https:\/\/sertv.gob.pa\/nacionalfm\/wp-json\/wp\/v2\/users\/1"}],"replies":[{"embeddable":true,"href":"https:\/\/sertv.gob.pa\/nacionalfm\/wp-json\/wp\/v2\/comments?post=20665"}],"version-history":[{"count":0,"href":"https:\/\/sertv.gob.pa\/nacionalfm\/wp-json\/wp\/v2\/posts\/20665\/revisions"}],"wp:featuredmedia":[{"embeddable":true,"href":"https:\/\/sertv.gob.pa\/nacionalfm\/wp-json\/wp\/v2\/media\/20666"}],"wp:attachment":[{"href":"https:\/\/sertv.gob.pa\/nacionalfm\/wp-json\/wp\/v2\/media?parent=20665"}],"wp:term":[{"taxonomy":"category","embeddable":true,"href":"https:\/\/sertv.gob.pa\/nacionalfm\/wp-json\/wp\/v2\/categories?post=20665"},{"taxonomy":"post_tag","embeddable":true,"href":"https:\/\/sertv.gob.pa\/nacionalfm\/wp-json\/wp\/v2\/tags?post=20665"}],"curies":[{"name":"wp","href":"https:\/\/api.w.org\/{rel}","templated":true}]}}