{"id":20667,"date":"2017-05-23T20:17:54","date_gmt":"2017-05-23T20:17:54","guid":{"rendered":""},"modified":"2017-05-23T20:17:54","modified_gmt":"2017-05-23T20:17:54","slug":"presidente-varela-entrega-implementos-a-selecciones-de-beisbol-de-cocle","status":"publish","type":"post","link":"https:\/\/sertv.gob.pa\/nacionalfm\/presidente-varela-entrega-implementos-a-selecciones-de-beisbol-de-cocle\/","title":{"rendered":"Presidente Varela entrega implementos a Selecciones de B\u00e9isbol de Cocl\u00e9"},"content":{"rendered":"<p>\nCon motivo de la participaci\u00f3n de las selecciones Preinfantil, Infantil e Intermedia de Cocl\u00e9, de cara a los Campeonatos Latinoamericanos de Peque\u00f1as Ligas, recibieron implementos deportivos para su preparaci\u00f3n. <\/p>\n<p>Los bates, guantes, bolas, maletines fueron distribuidos por el presidente Juan Carlos Varela y el subdirector general del Instituto Paname\u00f1o de Deportes, Mario P\u00e9rez durante el acto de entrega de \u00f3rdenes de proceder que se llev\u00f3 a cabo en d\u00edas pasados en la provincia de Cocl\u00e9. <\/p>\n<p>Los equipos de Aguadulce lograron el derecho de representar a Cocl\u00e9 al ganar las provinciales y abanderar\u00e1n a Panam\u00e1 en los Latinoamericanos al salir campeones nacionales del programa de Peque\u00f1as Ligas que organiza la Comisi\u00f3n Nacional de B\u00e9isbol de Categor\u00edas Menores. <\/p>\n<p>El Preinfantil competir\u00e1 en Puerto Rico en julio, el Infantil buscar\u00e1 revalidar el t\u00edtulo en Colombia para defender a Latinoam\u00e9rica en el Mundial de Williamsport, en donde qued\u00f3 en el tercer lugar y el Intermedio participar\u00e1 en Islas V\u00edrgenes. <\/p>\n<p>\u00a0 <\/p>\n","protected":false},"excerpt":{"rendered":"<p>Con motivo de la participaci\u00f3n de las selecciones Preinfantil, Infantil <a href=\"https:\/\/sertv.gob.pa\/nacionalfm\/presidente-varela-entrega-implementos-a-selecciones-de-beisbol-de-cocle\/\"> [&#8230;]<\/a><\/p>\n","protected":false},"author":1,"featured_media":20668,"comment_status":"closed","ping_status":"closed","sticky":false,"template":"","format":"standard","meta":{"footnotes":""},"categories":[4],"tags":[],"class_list":["post-20667","post","type-post","status-publish","format-standard","has-post-thumbnail","hentry","category-deportes"],"_links":{"self":[{"href":"https:\/\/sertv.gob.pa\/nacionalfm\/wp-json\/wp\/v2\/posts\/20667","targetHints":{"allow":["GET"]}}],"collection":[{"href":"https:\/\/sertv.gob.pa\/nacionalfm\/wp-json\/wp\/v2\/posts"}],"about":[{"href":"https:\/\/sertv.gob.pa\/nacionalfm\/wp-json\/wp\/v2\/types\/post"}],"author":[{"embeddable":true,"href":"https:\/\/sertv.gob.pa\/nacionalfm\/wp-json\/wp\/v2\/users\/1"}],"replies":[{"embeddable":true,"href":"https:\/\/sertv.gob.pa\/nacionalfm\/wp-json\/wp\/v2\/comments?post=20667"}],"version-history":[{"count":0,"href":"https:\/\/sertv.gob.pa\/nacionalfm\/wp-json\/wp\/v2\/posts\/20667\/revisions"}],"wp:featuredmedia":[{"embeddable":true,"href":"https:\/\/sertv.gob.pa\/nacionalfm\/wp-json\/wp\/v2\/media\/20668"}],"wp:attachment":[{"href":"https:\/\/sertv.gob.pa\/nacionalfm\/wp-json\/wp\/v2\/media?parent=20667"}],"wp:term":[{"taxonomy":"category","embeddable":true,"href":"https:\/\/sertv.gob.pa\/nacionalfm\/wp-json\/wp\/v2\/categories?post=20667"},{"taxonomy":"post_tag","embeddable":true,"href":"https:\/\/sertv.gob.pa\/nacionalfm\/wp-json\/wp\/v2\/tags?post=20667"}],"curies":[{"name":"wp","href":"https:\/\/api.w.org\/{rel}","templated":true}]}}