{"id":20669,"date":"2017-05-23T20:48:07","date_gmt":"2017-05-23T20:48:07","guid":{"rendered":""},"modified":"2017-05-23T20:48:07","modified_gmt":"2017-05-23T20:48:07","slug":"preseleccion-sub-20-femenino-continua-trabajando-para-campeonato-de-uncaf","status":"publish","type":"post","link":"https:\/\/sertv.gob.pa\/nacionalfm\/preseleccion-sub-20-femenino-continua-trabajando-para-campeonato-de-uncaf\/","title":{"rendered":"Preselecci\u00f3n Sub-20 Femenino contin\u00faa trabajando para Campeonato de UNCAF"},"content":{"rendered":"<p>\n Con motivo de la participaci\u00f3n de la preselecci\u00f3n Femenina Sub-20 entre el 18 y 24 de junio en Nicaragua en el Campeonato de la Uni\u00f3n Centroamericana de F\u00fatbol, siguen sus entrenamientos.  <\/p>\n<p> El grupo dirigido por el profesor V\u00edctor Su\u00e1rez, actualmente est\u00e1 conformado por 50 futbolistas que han sido reclutadas en las visor\u00edas realizadas en La Chorrera, Col\u00f3n y Panam\u00e1.  <\/p>\n<p> La visor\u00eda realizada durante el pasado fin de semana en la provincia de Col\u00f3n cont\u00f3 con una buena asistencia de jugadoras y 8 fueron elegidas para unirse al grupo de trabajo en Panam\u00e1. \u00a0 <\/p>\n<p> Para el lunes 29 de mayo se estar\u00e1 trabajando con una preselecci\u00f3n final de 25 jugadoras que ser\u00e1n la base para la confecci\u00f3n de una lista de 18 que viajar\u00e1n al campeonato de UNCAF en Nicaragua.  <\/p>\n<p> \u00a0  <\/p>\n","protected":false},"excerpt":{"rendered":"<p>Con motivo de la participaci\u00f3n de la preselecci\u00f3n Femenina Sub-20 <a href=\"https:\/\/sertv.gob.pa\/nacionalfm\/preseleccion-sub-20-femenino-continua-trabajando-para-campeonato-de-uncaf\/\"> [&#8230;]<\/a><\/p>\n","protected":false},"author":1,"featured_media":20670,"comment_status":"closed","ping_status":"closed","sticky":false,"template":"","format":"standard","meta":{"footnotes":""},"categories":[4],"tags":[],"class_list":["post-20669","post","type-post","status-publish","format-standard","has-post-thumbnail","hentry","category-deportes"],"_links":{"self":[{"href":"https:\/\/sertv.gob.pa\/nacionalfm\/wp-json\/wp\/v2\/posts\/20669","targetHints":{"allow":["GET"]}}],"collection":[{"href":"https:\/\/sertv.gob.pa\/nacionalfm\/wp-json\/wp\/v2\/posts"}],"about":[{"href":"https:\/\/sertv.gob.pa\/nacionalfm\/wp-json\/wp\/v2\/types\/post"}],"author":[{"embeddable":true,"href":"https:\/\/sertv.gob.pa\/nacionalfm\/wp-json\/wp\/v2\/users\/1"}],"replies":[{"embeddable":true,"href":"https:\/\/sertv.gob.pa\/nacionalfm\/wp-json\/wp\/v2\/comments?post=20669"}],"version-history":[{"count":0,"href":"https:\/\/sertv.gob.pa\/nacionalfm\/wp-json\/wp\/v2\/posts\/20669\/revisions"}],"wp:featuredmedia":[{"embeddable":true,"href":"https:\/\/sertv.gob.pa\/nacionalfm\/wp-json\/wp\/v2\/media\/20670"}],"wp:attachment":[{"href":"https:\/\/sertv.gob.pa\/nacionalfm\/wp-json\/wp\/v2\/media?parent=20669"}],"wp:term":[{"taxonomy":"category","embeddable":true,"href":"https:\/\/sertv.gob.pa\/nacionalfm\/wp-json\/wp\/v2\/categories?post=20669"},{"taxonomy":"post_tag","embeddable":true,"href":"https:\/\/sertv.gob.pa\/nacionalfm\/wp-json\/wp\/v2\/tags?post=20669"}],"curies":[{"name":"wp","href":"https:\/\/api.w.org\/{rel}","templated":true}]}}