{"id":20679,"date":"2017-05-24T15:04:50","date_gmt":"2017-05-24T15:04:50","guid":{"rendered":""},"modified":"2017-05-24T15:04:50","modified_gmt":"2017-05-24T15:04:50","slug":"cai-y-costa-del-este-disputan-final-de-la-liga-nacional-de-ascenso","status":"publish","type":"post","link":"https:\/\/sertv.gob.pa\/nacionalfm\/cai-y-costa-del-este-disputan-final-de-la-liga-nacional-de-ascenso\/","title":{"rendered":"CAI y Costa Del Este disputan final de la Liga Nacional de Ascenso"},"content":{"rendered":"<p>\nEste viernes 26 de mayo se disputa en el estadio Maracan\u00e1 del Chorrillo la Superfinal de la Liga de Ascenso entre el Club Atl\u00e9tico Independiente de la Chorrera y costa Del Este FC. <\/p>\n<p>En conferencia de prensa realizada este martes se ultimaron detalles para este compromiso que determinar\u00e1 si los &lsquo;Coste\u00f1os&rsquo; como campeones del torneo Apertura o los &lsquo;Chorreranos&rsquo; recientemente del Clausura jugar\u00e1n en primera divisi\u00f3n. <\/p>\n<p>El pitazo inicial ser\u00e1 a las 9:00 p.m. y los boletos tendr\u00e1n un valor de $5.00, que podr\u00e1n ser adquiridos en la taquilla del estadio el d\u00eda del partido. <\/p>\n<p>Se esperan para esta Superfinal dos mil quinientos fan\u00e1ticos, seg\u00fan expres\u00f3 el presidente de la Liga Paname\u00f1a de Ascenso, Genaro B\u00e1rcenas. <\/p>\n<p>\u00a0 <\/p>\n","protected":false},"excerpt":{"rendered":"<p>Este viernes 26 de mayo se disputa en el estadio <a href=\"https:\/\/sertv.gob.pa\/nacionalfm\/cai-y-costa-del-este-disputan-final-de-la-liga-nacional-de-ascenso\/\"> [&#8230;]<\/a><\/p>\n","protected":false},"author":1,"featured_media":20680,"comment_status":"closed","ping_status":"closed","sticky":false,"template":"","format":"standard","meta":{"footnotes":""},"categories":[4],"tags":[],"class_list":["post-20679","post","type-post","status-publish","format-standard","has-post-thumbnail","hentry","category-deportes"],"_links":{"self":[{"href":"https:\/\/sertv.gob.pa\/nacionalfm\/wp-json\/wp\/v2\/posts\/20679","targetHints":{"allow":["GET"]}}],"collection":[{"href":"https:\/\/sertv.gob.pa\/nacionalfm\/wp-json\/wp\/v2\/posts"}],"about":[{"href":"https:\/\/sertv.gob.pa\/nacionalfm\/wp-json\/wp\/v2\/types\/post"}],"author":[{"embeddable":true,"href":"https:\/\/sertv.gob.pa\/nacionalfm\/wp-json\/wp\/v2\/users\/1"}],"replies":[{"embeddable":true,"href":"https:\/\/sertv.gob.pa\/nacionalfm\/wp-json\/wp\/v2\/comments?post=20679"}],"version-history":[{"count":0,"href":"https:\/\/sertv.gob.pa\/nacionalfm\/wp-json\/wp\/v2\/posts\/20679\/revisions"}],"wp:featuredmedia":[{"embeddable":true,"href":"https:\/\/sertv.gob.pa\/nacionalfm\/wp-json\/wp\/v2\/media\/20680"}],"wp:attachment":[{"href":"https:\/\/sertv.gob.pa\/nacionalfm\/wp-json\/wp\/v2\/media?parent=20679"}],"wp:term":[{"taxonomy":"category","embeddable":true,"href":"https:\/\/sertv.gob.pa\/nacionalfm\/wp-json\/wp\/v2\/categories?post=20679"},{"taxonomy":"post_tag","embeddable":true,"href":"https:\/\/sertv.gob.pa\/nacionalfm\/wp-json\/wp\/v2\/tags?post=20679"}],"curies":[{"name":"wp","href":"https:\/\/api.w.org\/{rel}","templated":true}]}}