{"id":20683,"date":"2017-05-24T15:22:54","date_gmt":"2017-05-24T15:22:54","guid":{"rendered":""},"modified":"2017-05-24T15:22:54","modified_gmt":"2017-05-24T15:22:54","slug":"en-mundial-sub-12-panama-inicia-con-korea-y-cierra-con-estados-unidos","status":"publish","type":"post","link":"https:\/\/sertv.gob.pa\/nacionalfm\/en-mundial-sub-12-panama-inicia-con-korea-y-cierra-con-estados-unidos\/","title":{"rendered":"En  Mundial Sub-12 Panam\u00e1 inicia con Korea y cierra con Estados Unidos"},"content":{"rendered":"<p>\nEl primer rival de Panam\u00e1 en el Mundial Sub-12, que se jugar\u00e1 del 28 de julio al 6 de agosto, ser\u00e1 Korea, seg\u00fan el calendario de la Confederaci\u00f3n Mundial de B\u00e9isbol y Softbol. <\/p>\n<p>El t\u00e9cnico del elenco paname\u00f1o Jos\u00e9 Murillo III, reconoce que Korea es una potencia por lo que va a preparar a su equipo con todo. Panam\u00e1 cierra con otra potencia como lo es Estados Unidos. <\/p>\n<p>Para preparar a ese equipo, la Federaci\u00f3n Paname\u00f1a de B\u00e9isbol, ha decidido arrancar los trabajos desde el viernes 2 de junio. <\/p>\n<p>La preselecci\u00f3n puede ser de 30 peloteros. <\/p>\n<p>Pero desde este viernes 26 unos 39 jugadores participar\u00e1n de un minicamp, quienes ser\u00e1n divididos en tres equipos y sostendr\u00e1n partidos de fogueos. <\/p>\n<p>De all\u00ed Murillo III y su cuerpo t\u00e9cnico dar\u00e1n la pre oficial. <\/p>\n<p>Panam\u00e1 es n\u00famero 14 del mundo, y est\u00e1 ubicada en el grupo B junto a Estados Unidos, Australia, Korea, Nicaragua y Alemania. <\/p>\n<p>De la primera ronda tres equipos avanzar\u00e1n. <\/p>\n<p>\u00a0 <\/p>\n","protected":false},"excerpt":{"rendered":"<p>El primer rival de Panam\u00e1 en el Mundial Sub-12, que <a href=\"https:\/\/sertv.gob.pa\/nacionalfm\/en-mundial-sub-12-panama-inicia-con-korea-y-cierra-con-estados-unidos\/\"> [&#8230;]<\/a><\/p>\n","protected":false},"author":1,"featured_media":20684,"comment_status":"closed","ping_status":"closed","sticky":false,"template":"","format":"standard","meta":{"footnotes":""},"categories":[4],"tags":[],"class_list":["post-20683","post","type-post","status-publish","format-standard","has-post-thumbnail","hentry","category-deportes"],"_links":{"self":[{"href":"https:\/\/sertv.gob.pa\/nacionalfm\/wp-json\/wp\/v2\/posts\/20683","targetHints":{"allow":["GET"]}}],"collection":[{"href":"https:\/\/sertv.gob.pa\/nacionalfm\/wp-json\/wp\/v2\/posts"}],"about":[{"href":"https:\/\/sertv.gob.pa\/nacionalfm\/wp-json\/wp\/v2\/types\/post"}],"author":[{"embeddable":true,"href":"https:\/\/sertv.gob.pa\/nacionalfm\/wp-json\/wp\/v2\/users\/1"}],"replies":[{"embeddable":true,"href":"https:\/\/sertv.gob.pa\/nacionalfm\/wp-json\/wp\/v2\/comments?post=20683"}],"version-history":[{"count":0,"href":"https:\/\/sertv.gob.pa\/nacionalfm\/wp-json\/wp\/v2\/posts\/20683\/revisions"}],"wp:featuredmedia":[{"embeddable":true,"href":"https:\/\/sertv.gob.pa\/nacionalfm\/wp-json\/wp\/v2\/media\/20684"}],"wp:attachment":[{"href":"https:\/\/sertv.gob.pa\/nacionalfm\/wp-json\/wp\/v2\/media?parent=20683"}],"wp:term":[{"taxonomy":"category","embeddable":true,"href":"https:\/\/sertv.gob.pa\/nacionalfm\/wp-json\/wp\/v2\/categories?post=20683"},{"taxonomy":"post_tag","embeddable":true,"href":"https:\/\/sertv.gob.pa\/nacionalfm\/wp-json\/wp\/v2\/tags?post=20683"}],"curies":[{"name":"wp","href":"https:\/\/api.w.org\/{rel}","templated":true}]}}