{"id":20685,"date":"2017-05-24T15:44:43","date_gmt":"2017-05-24T15:44:43","guid":{"rendered":""},"modified":"2017-05-24T15:44:43","modified_gmt":"2017-05-24T15:44:43","slug":"arboleda-sera-soporte-de-pelea-jezrrel-corrales-ante-robinson-castellanos","status":"publish","type":"post","link":"https:\/\/sertv.gob.pa\/nacionalfm\/arboleda-sera-soporte-de-pelea-jezrrel-corrales-ante-robinson-castellanos\/","title":{"rendered":"Arboleda en cartelera de pelea Jezrrel Corrales ante Robinson Castellanos"},"content":{"rendered":"<p>\nEl invicto p\u00fagil paname\u00f1o Jaime Arboleda participar\u00e1 en la cartelera del 15 de julio en la cual el supercampe\u00f3n superpluma de la Asociaci\u00f3n Mundial de Boxeo Jezrrel &ldquo;El Invisible&rdquo; Corrales har\u00e1 su segunda defensa titular ante el mexicano Robinson Castellanos. <\/p>\n<p>Arboleda con un palmar\u00e9s inmaculado de 10 victorias con 8 definidas por la v\u00eda r\u00e1pida, debutar\u00e1 en el F\u00f3rum del Inglewood, California, Estados Unidos bajo la empresa Golden Boy Promotions del ex campe\u00f3n mundial \u00d3scar De La Hoya. <\/p>\n<p>De momento se desconoce el nombre del pr\u00f3ximo rival de Jaime Arboleda. <\/p>\n<p>\u00a0 <\/p>\n","protected":false},"excerpt":{"rendered":"<p>El invicto p\u00fagil paname\u00f1o Jaime Arboleda participar\u00e1 en la cartelera <a href=\"https:\/\/sertv.gob.pa\/nacionalfm\/arboleda-sera-soporte-de-pelea-jezrrel-corrales-ante-robinson-castellanos\/\"> [&#8230;]<\/a><\/p>\n","protected":false},"author":1,"featured_media":20686,"comment_status":"closed","ping_status":"closed","sticky":false,"template":"","format":"standard","meta":{"footnotes":""},"categories":[4],"tags":[],"class_list":["post-20685","post","type-post","status-publish","format-standard","has-post-thumbnail","hentry","category-deportes"],"_links":{"self":[{"href":"https:\/\/sertv.gob.pa\/nacionalfm\/wp-json\/wp\/v2\/posts\/20685","targetHints":{"allow":["GET"]}}],"collection":[{"href":"https:\/\/sertv.gob.pa\/nacionalfm\/wp-json\/wp\/v2\/posts"}],"about":[{"href":"https:\/\/sertv.gob.pa\/nacionalfm\/wp-json\/wp\/v2\/types\/post"}],"author":[{"embeddable":true,"href":"https:\/\/sertv.gob.pa\/nacionalfm\/wp-json\/wp\/v2\/users\/1"}],"replies":[{"embeddable":true,"href":"https:\/\/sertv.gob.pa\/nacionalfm\/wp-json\/wp\/v2\/comments?post=20685"}],"version-history":[{"count":0,"href":"https:\/\/sertv.gob.pa\/nacionalfm\/wp-json\/wp\/v2\/posts\/20685\/revisions"}],"wp:featuredmedia":[{"embeddable":true,"href":"https:\/\/sertv.gob.pa\/nacionalfm\/wp-json\/wp\/v2\/media\/20686"}],"wp:attachment":[{"href":"https:\/\/sertv.gob.pa\/nacionalfm\/wp-json\/wp\/v2\/media?parent=20685"}],"wp:term":[{"taxonomy":"category","embeddable":true,"href":"https:\/\/sertv.gob.pa\/nacionalfm\/wp-json\/wp\/v2\/categories?post=20685"},{"taxonomy":"post_tag","embeddable":true,"href":"https:\/\/sertv.gob.pa\/nacionalfm\/wp-json\/wp\/v2\/tags?post=20685"}],"curies":[{"name":"wp","href":"https:\/\/api.w.org\/{rel}","templated":true}]}}