{"id":20689,"date":"2017-05-24T16:01:47","date_gmt":"2017-05-24T16:01:47","guid":{"rendered":""},"modified":"2017-05-24T16:01:47","modified_gmt":"2017-05-24T16:01:47","slug":"edgar-crespo-enfocado-en-proximo-cccan","status":"publish","type":"post","link":"https:\/\/sertv.gob.pa\/nacionalfm\/edgar-crespo-enfocado-en-proximo-cccan\/","title":{"rendered":"Edgar Crespo enfocado en pr\u00f3ximo CCCAN"},"content":{"rendered":"<p>\nEl nadador paname\u00f1o Edgar Crespo est\u00e1 concentrado en sus entrenamientos para el pr\u00f3ximo Campeonato Centroamericano y del Caribe de Nataci\u00f3n, que se llevar\u00e1 a cabo en Trinidad y Tobago, del 28 de junio al 1 de julio. <\/p>\n<p>Crespo, quien estudia en Austria, logr\u00f3 la marca directa (marca A) para el CCCAN en los 50 (28.67), 100 (1:03.51) y 200 metros pecho (2:24.08) y marca invitacional (marca B) en los 100 metros mariposa (58.00), en el XXII Cena Popradu-2017 Memori\u00e1l Filipa Lutza, en Eslovaquia, en el pasado mes de abril. <\/p>\n<p>\u00a0 <\/p>\n","protected":false},"excerpt":{"rendered":"<p>El nadador paname\u00f1o Edgar Crespo est\u00e1 concentrado en sus entrenamientos <a href=\"https:\/\/sertv.gob.pa\/nacionalfm\/edgar-crespo-enfocado-en-proximo-cccan\/\"> [&#8230;]<\/a><\/p>\n","protected":false},"author":1,"featured_media":20690,"comment_status":"closed","ping_status":"closed","sticky":false,"template":"","format":"standard","meta":{"footnotes":""},"categories":[4],"tags":[],"class_list":["post-20689","post","type-post","status-publish","format-standard","has-post-thumbnail","hentry","category-deportes"],"_links":{"self":[{"href":"https:\/\/sertv.gob.pa\/nacionalfm\/wp-json\/wp\/v2\/posts\/20689","targetHints":{"allow":["GET"]}}],"collection":[{"href":"https:\/\/sertv.gob.pa\/nacionalfm\/wp-json\/wp\/v2\/posts"}],"about":[{"href":"https:\/\/sertv.gob.pa\/nacionalfm\/wp-json\/wp\/v2\/types\/post"}],"author":[{"embeddable":true,"href":"https:\/\/sertv.gob.pa\/nacionalfm\/wp-json\/wp\/v2\/users\/1"}],"replies":[{"embeddable":true,"href":"https:\/\/sertv.gob.pa\/nacionalfm\/wp-json\/wp\/v2\/comments?post=20689"}],"version-history":[{"count":0,"href":"https:\/\/sertv.gob.pa\/nacionalfm\/wp-json\/wp\/v2\/posts\/20689\/revisions"}],"wp:featuredmedia":[{"embeddable":true,"href":"https:\/\/sertv.gob.pa\/nacionalfm\/wp-json\/wp\/v2\/media\/20690"}],"wp:attachment":[{"href":"https:\/\/sertv.gob.pa\/nacionalfm\/wp-json\/wp\/v2\/media?parent=20689"}],"wp:term":[{"taxonomy":"category","embeddable":true,"href":"https:\/\/sertv.gob.pa\/nacionalfm\/wp-json\/wp\/v2\/categories?post=20689"},{"taxonomy":"post_tag","embeddable":true,"href":"https:\/\/sertv.gob.pa\/nacionalfm\/wp-json\/wp\/v2\/tags?post=20689"}],"curies":[{"name":"wp","href":"https:\/\/api.w.org\/{rel}","templated":true}]}}