{"id":20691,"date":"2017-05-24T16:22:50","date_gmt":"2017-05-24T16:22:50","guid":{"rendered":""},"modified":"2017-05-24T16:22:50","modified_gmt":"2017-05-24T16:22:50","slug":"eileen-grench-entrena-dos-semanas-en-rusia-para-proximos-compromisos","status":"publish","type":"post","link":"https:\/\/sertv.gob.pa\/nacionalfm\/eileen-grench-entrena-dos-semanas-en-rusia-para-proximos-compromisos\/","title":{"rendered":"Eileen Grench entrena dos semanas en Rusia para pr\u00f3ximos compromisos"},"content":{"rendered":"<p>\nDurante dos semanas estar\u00e1 entrenando en Rusia, la esgrimista paname\u00f1a Eileen Grench, con mira a sus pr\u00f3ximas competencias de la temporada 2017. <\/p>\n<p>\u00a0&ldquo;Registr\u00e1ndome en el Centro de Alto Rendimiento en Rusia. Lista para dos semanas de duros asaltos en preparaci\u00f3n para representar a Panam\u00e1 en el Grand Prix de Sable Mosc\u00fa y el Panamericano de Esgrima. Gracias al equipo ruso por la invitaci\u00f3n&rdquo;, escribi\u00f3 ayer Grench en su cuenta de Instagram. <\/p>\n<p>\u00a0 <\/p>\n","protected":false},"excerpt":{"rendered":"<p>Durante dos semanas estar\u00e1 entrenando en Rusia, la esgrimista paname\u00f1a <a href=\"https:\/\/sertv.gob.pa\/nacionalfm\/eileen-grench-entrena-dos-semanas-en-rusia-para-proximos-compromisos\/\"> [&#8230;]<\/a><\/p>\n","protected":false},"author":1,"featured_media":20692,"comment_status":"closed","ping_status":"closed","sticky":false,"template":"","format":"standard","meta":{"footnotes":""},"categories":[4],"tags":[],"class_list":["post-20691","post","type-post","status-publish","format-standard","has-post-thumbnail","hentry","category-deportes"],"_links":{"self":[{"href":"https:\/\/sertv.gob.pa\/nacionalfm\/wp-json\/wp\/v2\/posts\/20691","targetHints":{"allow":["GET"]}}],"collection":[{"href":"https:\/\/sertv.gob.pa\/nacionalfm\/wp-json\/wp\/v2\/posts"}],"about":[{"href":"https:\/\/sertv.gob.pa\/nacionalfm\/wp-json\/wp\/v2\/types\/post"}],"author":[{"embeddable":true,"href":"https:\/\/sertv.gob.pa\/nacionalfm\/wp-json\/wp\/v2\/users\/1"}],"replies":[{"embeddable":true,"href":"https:\/\/sertv.gob.pa\/nacionalfm\/wp-json\/wp\/v2\/comments?post=20691"}],"version-history":[{"count":0,"href":"https:\/\/sertv.gob.pa\/nacionalfm\/wp-json\/wp\/v2\/posts\/20691\/revisions"}],"wp:featuredmedia":[{"embeddable":true,"href":"https:\/\/sertv.gob.pa\/nacionalfm\/wp-json\/wp\/v2\/media\/20692"}],"wp:attachment":[{"href":"https:\/\/sertv.gob.pa\/nacionalfm\/wp-json\/wp\/v2\/media?parent=20691"}],"wp:term":[{"taxonomy":"category","embeddable":true,"href":"https:\/\/sertv.gob.pa\/nacionalfm\/wp-json\/wp\/v2\/categories?post=20691"},{"taxonomy":"post_tag","embeddable":true,"href":"https:\/\/sertv.gob.pa\/nacionalfm\/wp-json\/wp\/v2\/tags?post=20691"}],"curies":[{"name":"wp","href":"https:\/\/api.w.org\/{rel}","templated":true}]}}