{"id":20699,"date":"2017-05-24T17:53:59","date_gmt":"2017-05-24T17:53:59","guid":{"rendered":""},"modified":"2017-05-24T17:53:59","modified_gmt":"2017-05-24T17:53:59","slug":"la-oms-eleva-a-43-el-numero-de-casos-de-ebola-en-rdc","status":"publish","type":"post","link":"https:\/\/sertv.gob.pa\/nacionalfm\/la-oms-eleva-a-43-el-numero-de-casos-de-ebola-en-rdc\/","title":{"rendered":"La OMS eleva a 43 el n\u00famero de casos de \u00e9bola en RDC"},"content":{"rendered":"<p>\n La Organizaci\u00f3n Mundial de la Salud (OMS) ha cifrado este martes en 43 el n\u00famero de casos de \u00e9bola en Rep\u00fablica Democr\u00e1tica del Congo (RDC)  , en un brote en el que hasta el momento   se han confirmado 3 muertos  .   <\/p>\n<p>La semana pasada, la organizaci\u00f3n se\u00f1al\u00f3 que hasta el momento se hab\u00edan detectado 20 casos, por lo que la cifra facilitada durante la jornada supone una  duplicaci\u00f3n del n\u00famero de enfermos . <\/p>\n<p>Al facilitar su balance anterior, la OMS asegur\u00f3 estar preparada \u00abpara facilitar el liderazgo y la experiencia t\u00e9cnica requerida para dar una respuesta coordinada y efectiva al brote de \u00e9bola en RDC\u00bb. <\/p>\n<p>La organizaci\u00f3n reclam\u00f3 \u00abuna  firme colaboraci\u00f3n intersectorial  y el apoyo de los actores globales\u00bb para \u00abponer fin r\u00e1pidamente al brote de \u00e9bola\u00bb, destacando la importancia de una respuesta \u00abr\u00e1pida y extensa\u00bb para evitar una mayor propagaci\u00f3n y mitigar las consecuencias del brote del virus en el pa\u00eds africano. <\/p>\n<p>La OMS alert\u00f3 de que \u00abel retraso a la hora de detectar y confirmar este brote podr\u00eda significar que el virus se ha extendido en las comunidades locales\u00bb, si bien dijo que el hecho de que se halle localizado en una zona remota podr\u00eda impedir su transmisi\u00f3n. <\/p>\n<p>RDC -antiguo Zaire-, el pa\u00eds donde se detect\u00f3 por primera vez el virus, registr\u00f3 en 2014 un brote local de c\u00f3lera con decenas de casos que coincidi\u00f3 en el tiempo con otro que se ceb\u00f3 especialmente con tres pa\u00edses del \u00c1frica Occidental. <\/p>\n<p>Liberia, Guinea y Sierra Leona registraron un total de  11.300 v\u00edctimas mortales  por un brote de \u00e9bola entre 2013 y 2016, cuando finalmente se dio por concluida la amenaza. <\/p>\n<p>\u00a0 <\/p>\n","protected":false},"excerpt":{"rendered":"<p>La Organizaci\u00f3n Mundial de la Salud (OMS) ha cifrado este <a href=\"https:\/\/sertv.gob.pa\/nacionalfm\/la-oms-eleva-a-43-el-numero-de-casos-de-ebola-en-rdc\/\"> [&#8230;]<\/a><\/p>\n","protected":false},"author":1,"featured_media":20700,"comment_status":"closed","ping_status":"closed","sticky":false,"template":"","format":"standard","meta":{"footnotes":""},"categories":[5],"tags":[],"class_list":["post-20699","post","type-post","status-publish","format-standard","has-post-thumbnail","hentry","category-salud"],"_links":{"self":[{"href":"https:\/\/sertv.gob.pa\/nacionalfm\/wp-json\/wp\/v2\/posts\/20699","targetHints":{"allow":["GET"]}}],"collection":[{"href":"https:\/\/sertv.gob.pa\/nacionalfm\/wp-json\/wp\/v2\/posts"}],"about":[{"href":"https:\/\/sertv.gob.pa\/nacionalfm\/wp-json\/wp\/v2\/types\/post"}],"author":[{"embeddable":true,"href":"https:\/\/sertv.gob.pa\/nacionalfm\/wp-json\/wp\/v2\/users\/1"}],"replies":[{"embeddable":true,"href":"https:\/\/sertv.gob.pa\/nacionalfm\/wp-json\/wp\/v2\/comments?post=20699"}],"version-history":[{"count":0,"href":"https:\/\/sertv.gob.pa\/nacionalfm\/wp-json\/wp\/v2\/posts\/20699\/revisions"}],"wp:featuredmedia":[{"embeddable":true,"href":"https:\/\/sertv.gob.pa\/nacionalfm\/wp-json\/wp\/v2\/media\/20700"}],"wp:attachment":[{"href":"https:\/\/sertv.gob.pa\/nacionalfm\/wp-json\/wp\/v2\/media?parent=20699"}],"wp:term":[{"taxonomy":"category","embeddable":true,"href":"https:\/\/sertv.gob.pa\/nacionalfm\/wp-json\/wp\/v2\/categories?post=20699"},{"taxonomy":"post_tag","embeddable":true,"href":"https:\/\/sertv.gob.pa\/nacionalfm\/wp-json\/wp\/v2\/tags?post=20699"}],"curies":[{"name":"wp","href":"https:\/\/api.w.org\/{rel}","templated":true}]}}