{"id":207,"date":"2014-07-10T05:00:00","date_gmt":"2014-07-10T05:00:00","guid":{"rendered":""},"modified":"2014-07-10T05:00:00","modified_gmt":"2014-07-10T05:00:00","slug":"algunos-comerciantes-realizan-control-de-venta-de-productos-regulados","status":"publish","type":"post","link":"https:\/\/sertv.gob.pa\/nacionalfm\/algunos-comerciantes-realizan-control-de-venta-de-productos-regulados\/","title":{"rendered":"Algunos comerciantes realizan control de venta de productos regulados"},"content":{"rendered":"<p>\nUna vez entr\u00f3 en vigencia el ajuste de precios en la canasta b\u00e1sica de alimentos, diversos comerciantes decidieron empezar a controlar la venta de los productos. <\/p>\n<p>En relaci\u00f3n a ello, para Iv\u00e1n R\u00edos, presidente de la Asociaci\u00f3n de Comerciantes y Distribuidores de V\u00edveres y Similares de Panam\u00e1, &ldquo;es l\u00f3gico que los supermercados tomen sus medidas&rdquo;, pues no est\u00e1n preparados para enfrentar el control de precios por el mayor desplazamiento de clientes, lo que genera un aumento en las ventas. <\/p>\n<p>Advirti\u00f3 adem\u00e1s, que esto significa que, de acuerdo con el inventario que tengan los supermercados, as\u00ed ser\u00e1n las ventas de los productos. Agreg\u00f3 que tampoco se puede vender en cantidades grandes porque existen los acaparadores de productos que afectan a los dem\u00e1s consumidores. <\/p>\n<p>Por otra parte, el secretario de la Uni\u00f3n Nacional de Consumidores y Usuarios de la Rep\u00fablica de Panam\u00e1, Pedro Acosta, ante esto indic\u00f3 que los comerciantes hacen lo correcto, ya que deben procurar que haya productos suficientes para los compradores.\u00a0\u00a0 @nacionalFm <\/p>\n","protected":false},"excerpt":{"rendered":"<p>Una vez entr\u00f3 en vigencia el ajuste de precios en <a href=\"https:\/\/sertv.gob.pa\/nacionalfm\/algunos-comerciantes-realizan-control-de-venta-de-productos-regulados\/\"> [&#8230;]<\/a><\/p>\n","protected":false},"author":1,"featured_media":208,"comment_status":"closed","ping_status":"closed","sticky":false,"template":"","format":"standard","meta":{"footnotes":""},"categories":[2],"tags":[],"class_list":["post-207","post","type-post","status-publish","format-standard","has-post-thumbnail","hentry","category-nacionales"],"_links":{"self":[{"href":"https:\/\/sertv.gob.pa\/nacionalfm\/wp-json\/wp\/v2\/posts\/207","targetHints":{"allow":["GET"]}}],"collection":[{"href":"https:\/\/sertv.gob.pa\/nacionalfm\/wp-json\/wp\/v2\/posts"}],"about":[{"href":"https:\/\/sertv.gob.pa\/nacionalfm\/wp-json\/wp\/v2\/types\/post"}],"author":[{"embeddable":true,"href":"https:\/\/sertv.gob.pa\/nacionalfm\/wp-json\/wp\/v2\/users\/1"}],"replies":[{"embeddable":true,"href":"https:\/\/sertv.gob.pa\/nacionalfm\/wp-json\/wp\/v2\/comments?post=207"}],"version-history":[{"count":0,"href":"https:\/\/sertv.gob.pa\/nacionalfm\/wp-json\/wp\/v2\/posts\/207\/revisions"}],"wp:featuredmedia":[{"embeddable":true,"href":"https:\/\/sertv.gob.pa\/nacionalfm\/wp-json\/wp\/v2\/media\/208"}],"wp:attachment":[{"href":"https:\/\/sertv.gob.pa\/nacionalfm\/wp-json\/wp\/v2\/media?parent=207"}],"wp:term":[{"taxonomy":"category","embeddable":true,"href":"https:\/\/sertv.gob.pa\/nacionalfm\/wp-json\/wp\/v2\/categories?post=207"},{"taxonomy":"post_tag","embeddable":true,"href":"https:\/\/sertv.gob.pa\/nacionalfm\/wp-json\/wp\/v2\/tags?post=207"}],"curies":[{"name":"wp","href":"https:\/\/api.w.org\/{rel}","templated":true}]}}