{"id":2070,"date":"2014-10-14T05:00:00","date_gmt":"2014-10-14T05:00:00","guid":{"rendered":""},"modified":"2014-10-14T05:00:00","modified_gmt":"2014-10-14T05:00:00","slug":"envejecimiento-del-higado-es-acelerado-por-obesidad","status":"publish","type":"post","link":"https:\/\/sertv.gob.pa\/nacionalfm\/envejecimiento-del-higado-es-acelerado-por-obesidad\/","title":{"rendered":"Envejecimiento del h\u00edgado es acelerado por obesidad"},"content":{"rendered":"<p>\nUna investigaci\u00f3n m\u00e9dica dada a conocer hoy se\u00f1ala que la obesidad acelera el envejecimiento del h\u00edgado, un dato que supone una importante advertencia para quienes padecen este trastorno alimenticio. <\/p>\n<p>El an\u00e1lisis desarrollado por la Universidad de California Los \u00c1ngeles (UCLA) es el primero en relacionar directamente el peso del cuerpo humano con el envejecimiento de este \u00f3rgano vital. <\/p>\n<p>\u00abEste es el primer estudio que eval\u00faa el efecto del peso del cuerpo en las edades biol\u00f3gicas de una variedad de tejidos humanos\u00bb, asegur\u00f3 hoy el doctor Steve Horvath, profesor de gen\u00e9tica y bioestad\u00edstica de UCLA, y director del estudio. <\/p>\n<p>\u00abDada la epidemia de obesidad en el mundo occidental, los resultados de este estudio son altamente relevantes para la salud p\u00fablica\u00bb, a\u00f1adi\u00f3 Horvath, quien analiz\u00f3 alredededor de 1.200 muestras de tejido humano para su investigaci\u00f3n, de las cuales 140 correspondieron a tejidos de h\u00edgado. <\/p>\n<p>La investigaci\u00f3n de UCLA, desarrollada en conjunto con un equipo de investigadores alemanes, hall\u00f3 que la edad biol\u00f3gica (o epigen\u00e9tica, como la denomina Horvath) del h\u00edgado aumenta 3,3 a\u00f1os por cada 10 unidades del \u00cdndice de Masa Corporal (IMC).<br \/>\nDe acuerdo con el estudio, el IMC -la relaci\u00f3n entre peso y estatura- no afecta la edad biol\u00f3gica de la grasa, el tejido muscular o la sangre, pero s\u00ed tiene una incidencia directa en el h\u00edgado acortando su vida \u00fatil. <\/p>\n<p>La investigaci\u00f3n, publicada hoy en la revista cient\u00edfica Actas de la Academia Nacional de Ciencias, encontr\u00f3 que, en ese sentido y a modo de ejemplo, el h\u00edgado de una mujer que pesa poco m\u00e1s de 90 kilos es aproximadamente tres a\u00f1os m\u00e1s viejo que el h\u00edgado de una mujer que pesa algo m\u00e1s de 60 kilos, si ambas tuvieran la misma estatura.\u00a0 <\/p>\n<p>\u00a0 <\/p>\n","protected":false},"excerpt":{"rendered":"<p>Una investigaci\u00f3n m\u00e9dica dada a conocer hoy se\u00f1ala que la <a href=\"https:\/\/sertv.gob.pa\/nacionalfm\/envejecimiento-del-higado-es-acelerado-por-obesidad\/\"> [&#8230;]<\/a><\/p>\n","protected":false},"author":1,"featured_media":2071,"comment_status":"closed","ping_status":"closed","sticky":false,"template":"","format":"standard","meta":{"footnotes":""},"categories":[5],"tags":[],"class_list":["post-2070","post","type-post","status-publish","format-standard","has-post-thumbnail","hentry","category-salud"],"_links":{"self":[{"href":"https:\/\/sertv.gob.pa\/nacionalfm\/wp-json\/wp\/v2\/posts\/2070","targetHints":{"allow":["GET"]}}],"collection":[{"href":"https:\/\/sertv.gob.pa\/nacionalfm\/wp-json\/wp\/v2\/posts"}],"about":[{"href":"https:\/\/sertv.gob.pa\/nacionalfm\/wp-json\/wp\/v2\/types\/post"}],"author":[{"embeddable":true,"href":"https:\/\/sertv.gob.pa\/nacionalfm\/wp-json\/wp\/v2\/users\/1"}],"replies":[{"embeddable":true,"href":"https:\/\/sertv.gob.pa\/nacionalfm\/wp-json\/wp\/v2\/comments?post=2070"}],"version-history":[{"count":0,"href":"https:\/\/sertv.gob.pa\/nacionalfm\/wp-json\/wp\/v2\/posts\/2070\/revisions"}],"wp:featuredmedia":[{"embeddable":true,"href":"https:\/\/sertv.gob.pa\/nacionalfm\/wp-json\/wp\/v2\/media\/2071"}],"wp:attachment":[{"href":"https:\/\/sertv.gob.pa\/nacionalfm\/wp-json\/wp\/v2\/media?parent=2070"}],"wp:term":[{"taxonomy":"category","embeddable":true,"href":"https:\/\/sertv.gob.pa\/nacionalfm\/wp-json\/wp\/v2\/categories?post=2070"},{"taxonomy":"post_tag","embeddable":true,"href":"https:\/\/sertv.gob.pa\/nacionalfm\/wp-json\/wp\/v2\/tags?post=2070"}],"curies":[{"name":"wp","href":"https:\/\/api.w.org\/{rel}","templated":true}]}}