{"id":20703,"date":"2017-05-24T18:31:44","date_gmt":"2017-05-24T18:31:44","guid":{"rendered":""},"modified":"2017-05-24T18:31:44","modified_gmt":"2017-05-24T18:31:44","slug":"en-espana-52-000-muertes-al-ano-por-culpa-del-tabaco","status":"publish","type":"post","link":"https:\/\/sertv.gob.pa\/nacionalfm\/en-espana-52-000-muertes-al-ano-por-culpa-del-tabaco\/","title":{"rendered":"En Espa\u00f1a, 52.000 muertes al a\u00f1o por culpa del tabaco"},"content":{"rendered":"<p>\nEl consumo de tabaco provoca 52.000 decesos anuales en Espa\u00f1a, un pa\u00eds donde el 21% de la poblaci\u00f3n sigue siendo fumadora. El 70% de los que fuman habitualmente -con un consumo medio de 11,5 cigarrillos al d\u00eda-confiesa haber intentado dejarlo al menos en una ocasi\u00f3n y  el 17% de los fumadores ha probado a abandonar el h\u00e1bito m\u00e1s de cuatro veces . <\/p>\n<p>Estos son algunos de los datos que ha puesto de manifiesto este martes la Sociedad Espa\u00f1ola de Medicina de Familia y Comunitaria (semFYC) con motivo del inicio de la XVIII Semana sin Humo. <\/p>\n<p>Adem\u00e1s de las distintas actividades organizadas en torno a la celebraci\u00f3n, la sociedad m\u00e9dica ha presentado las conclusiones de una encuesta en la que han participado  9.045 personas  de toda Espa\u00f1a que muestran una posici\u00f3n favorable entre la poblaci\u00f3n hacia el endurecimiento de la normativa antitabaco. <\/p>\n<p>Seg\u00fan los datos de esta encuesta, m\u00e1s de la mitad de los consultados est\u00e1 a favor de la implantaci\u00f3n de un etiquetado gen\u00e9rico de las cajetillas (52.3%), as\u00ed como de la prohibici\u00f3n de fumar en el interior de los veh\u00edculos privados (51,6%) (al menos cuando haya ni\u00f1os). <\/p>\n<p>Adem\u00e1s, un 33% de los consultados apuesta por incrementar el precio del tabaco y un 20% de la muestra aboga por que los tratamientos farmacol\u00f3gicos est\u00e9n financiados por la Seguridad Social. <\/p>\n<p>\u00abLos resultados de la encuesta muestran que una amplia mayor\u00eda est\u00e1 a favor de  avanzar en la limitaci\u00f3n de fumar \u00ab, se\u00f1ala C\u00e9sar Minu\u00e9, coordinador de la Semana sin Humo, quien lamenta que pese a que las leyes antitabaco supusieron \u00abun gran avance\u00bb que \u00absitu\u00f3 a Espa\u00f1a en cabeza a nivel internacional\u00bb, desde 2011 no ha habido progresos, con lo que \u00ablas mejoras conseguidas corren el riesgo de estancarse\u00bb. <\/p>\n<p>La prohibici\u00f3n de fumar en los lugares p\u00fablicos ha llevado aparejado un descenso en el n\u00famero de fumadores (hace 15 a\u00f1os, el porcentaje rondaba el 30%, se\u00f1alan los expertos). Sin embargo, para seguir progresando e \u00bb incluso evitar que la situaci\u00f3n d\u00e9 marcha atr\u00e1s , es necesario seguir avanzando\u00bb, coincide Salvaador Tranche, presidente de semFYC. <\/p>\n<p>Medidas como la prohibici\u00f3n de fumar en el interior de los coches ya se ha puesto en marcha en pa\u00edses como Reino Unido con buenos resultados, por lo que la sociedad m\u00e9dica reclama su implantaci\u00f3n tambi\u00e9n en Espa\u00f1a. Asimismo recomienda la utilizaci\u00f3n de un  empaquetado gen\u00e9rico , que puede ser muy \u00fatil para combatir el tabaquismo entre la poblaci\u00f3n adolescente. <\/p>\n<p>\u00abEsta medida supone eliminar por completo la publicidad, lo que ayuda a desmotivar el consumo\u00bb, se\u00f1ala Minu\u00e9, quien tambi\u00e9n apuesta por un aumento del precio. \u00abUn aumento del 10% del precio se relaciona con una disminuci\u00f3n del consumo de entre un 4 y un 8%\u00bb, se\u00f1ala. <\/p>\n<p>Tranche, por su parte, subraya que el abandono del tabaquismo es \u00abla decisi\u00f3n m\u00e1s importante sobre su salud que una persona puede tomar\u00bb. \u00abAlgunas enfermedades, como la enfermedad obstructiva cr\u00f3nica pulmonar (EPOC) o el c\u00e1ncer de pulm\u00f3n ser\u00edan raras si no se fumara\u00bb, remacha Minu\u00e9. <\/p>\n<p>\u00a0 <\/p>\n<p>\u00a0 <\/p>\n","protected":false},"excerpt":{"rendered":"<p>El consumo de tabaco provoca 52.000 decesos anuales en Espa\u00f1a, <a href=\"https:\/\/sertv.gob.pa\/nacionalfm\/en-espana-52-000-muertes-al-ano-por-culpa-del-tabaco\/\"> [&#8230;]<\/a><\/p>\n","protected":false},"author":1,"featured_media":20704,"comment_status":"closed","ping_status":"closed","sticky":false,"template":"","format":"standard","meta":{"footnotes":""},"categories":[5],"tags":[],"class_list":["post-20703","post","type-post","status-publish","format-standard","has-post-thumbnail","hentry","category-salud"],"_links":{"self":[{"href":"https:\/\/sertv.gob.pa\/nacionalfm\/wp-json\/wp\/v2\/posts\/20703","targetHints":{"allow":["GET"]}}],"collection":[{"href":"https:\/\/sertv.gob.pa\/nacionalfm\/wp-json\/wp\/v2\/posts"}],"about":[{"href":"https:\/\/sertv.gob.pa\/nacionalfm\/wp-json\/wp\/v2\/types\/post"}],"author":[{"embeddable":true,"href":"https:\/\/sertv.gob.pa\/nacionalfm\/wp-json\/wp\/v2\/users\/1"}],"replies":[{"embeddable":true,"href":"https:\/\/sertv.gob.pa\/nacionalfm\/wp-json\/wp\/v2\/comments?post=20703"}],"version-history":[{"count":0,"href":"https:\/\/sertv.gob.pa\/nacionalfm\/wp-json\/wp\/v2\/posts\/20703\/revisions"}],"wp:featuredmedia":[{"embeddable":true,"href":"https:\/\/sertv.gob.pa\/nacionalfm\/wp-json\/wp\/v2\/media\/20704"}],"wp:attachment":[{"href":"https:\/\/sertv.gob.pa\/nacionalfm\/wp-json\/wp\/v2\/media?parent=20703"}],"wp:term":[{"taxonomy":"category","embeddable":true,"href":"https:\/\/sertv.gob.pa\/nacionalfm\/wp-json\/wp\/v2\/categories?post=20703"},{"taxonomy":"post_tag","embeddable":true,"href":"https:\/\/sertv.gob.pa\/nacionalfm\/wp-json\/wp\/v2\/tags?post=20703"}],"curies":[{"name":"wp","href":"https:\/\/api.w.org\/{rel}","templated":true}]}}