{"id":20709,"date":"2017-05-24T20:58:04","date_gmt":"2017-05-24T20:58:04","guid":{"rendered":""},"modified":"2017-05-24T20:58:04","modified_gmt":"2017-05-24T20:58:04","slug":"en-panama-se-lleva-a-cabo-primer-campeonato-mundial-de-caballo-de-barriles","status":"publish","type":"post","link":"https:\/\/sertv.gob.pa\/nacionalfm\/en-panama-se-lleva-a-cabo-primer-campeonato-mundial-de-caballo-de-barriles\/","title":{"rendered":"En Panam\u00e1 se lleva a cabo Primer Campeonato Mundial de Caballo de Barriles"},"content":{"rendered":"<p>\nDesde el pr\u00f3ximo viernes 26 al domingo 28 de mayo se celebrar\u00e1 en Panam\u00e1 Primer Campeonato Mundial de Caballos de Barriles, bajo la organizaci\u00f3n de la Asociaci\u00f3n Paname\u00f1a de Caballos de Barriles, con el respaldo del Instituto Paname\u00f1o de Deportes y el aval de la Federaci\u00f3n Internacional. <\/p>\n<p>Los detalles de este evento que congregar\u00e1 en la pista techada de la hacienda Country Club a atletas de 20 pa\u00edses, fueron ofrecidos en conferencia de prensa, encabezada por el presidente de la Asociaci\u00f3n Paname\u00f1a de Caballos de Barriles, Demetrio S\u00e1enz, Mar\u00eda Mu\u00f1oz, de la junta directiva de esta organizaci\u00f3n y Roberto Arango, Director General de PANDEPORTES. <\/p>\n<p>S\u00e1enz indic\u00f3 que la escogencia de Panam\u00e1 como sede de este primer mundial de este deporte se realiz\u00f3 hace dos a\u00f1os, como un reconocimiento por parte de la Federaci\u00f3n Internacional al desarrollo que he tenido en este deporte, que despu\u00e9s de iniciarse en Estados Unidos se ha expandido por todo el mundo. <\/p>\n<p>Destac\u00f3 que han sido dos a\u00f1os de extensa labor en la organizaci\u00f3n de este evento de alto nivel, por lo que reconoci\u00f3 el respaldo de PANDEPORTES como fundamental, al igual que la empresa privada que se ha ido sumando como patrocinador. <\/p>\n<p>El evento contar\u00e1 con cotizados jinetes y jocketas de estos pa\u00edses, que en dupla de femenino, masculino y mixta buscar\u00e1n consagrarse en la acumulaci\u00f3n de puntos durante los tres d\u00edas de competencia como campeones y recibir las respectivas hebillas de oro, plata y bronce. <\/p>\n<p>Para este evento como caracteriza las competencias internacionales los ejemplares ser\u00e1n del pa\u00eds anfitri\u00f3n, por lo que Panam\u00e1 tendr\u00e1 a disposici\u00f3n 25 ejemplares de alto nivel, que por medio de sorteo ser\u00e1n asignados a los jinetes y jocketas. <\/p>\n<p>Igualmente puntualiz\u00f3 que Panam\u00e1 contar\u00e1 con una excelente representaci\u00f3n en las jocketas Isabel L\u00f3pez Mar\u00edn y Ana Greis Nader, quienes lograron la clasificaci\u00f3n en los torneos nacionales, en que superaron a los varones. <\/p>\n<p>Arango, ponder\u00f3 lo importante para Panam\u00e1 organizar este evento en que intervendr\u00e1n participantes de alto nivel, que demuestran que este es un bello deporte, pero de gran riesgo para los que lo practican. <\/p>\n<p>Mar\u00eda Mu\u00f1oz detall\u00f3 que adem\u00e1s del Campeonato Mundial se celebrar\u00e1 el Campeonato Nacional de Barriles en\u00a0 sus diferentes categor\u00edas y el Para Ecuestre, para atletas con discapacidad, por lo que esta justa ser\u00e1 toda una fiesta. <\/p>\n<p>\u00a0 <\/p>\n","protected":false},"excerpt":{"rendered":"<p>Desde el pr\u00f3ximo viernes 26 al domingo 28 de mayo <a href=\"https:\/\/sertv.gob.pa\/nacionalfm\/en-panama-se-lleva-a-cabo-primer-campeonato-mundial-de-caballo-de-barriles\/\"> [&#8230;]<\/a><\/p>\n","protected":false},"author":1,"featured_media":20710,"comment_status":"closed","ping_status":"closed","sticky":false,"template":"","format":"standard","meta":{"footnotes":""},"categories":[4],"tags":[],"class_list":["post-20709","post","type-post","status-publish","format-standard","has-post-thumbnail","hentry","category-deportes"],"_links":{"self":[{"href":"https:\/\/sertv.gob.pa\/nacionalfm\/wp-json\/wp\/v2\/posts\/20709","targetHints":{"allow":["GET"]}}],"collection":[{"href":"https:\/\/sertv.gob.pa\/nacionalfm\/wp-json\/wp\/v2\/posts"}],"about":[{"href":"https:\/\/sertv.gob.pa\/nacionalfm\/wp-json\/wp\/v2\/types\/post"}],"author":[{"embeddable":true,"href":"https:\/\/sertv.gob.pa\/nacionalfm\/wp-json\/wp\/v2\/users\/1"}],"replies":[{"embeddable":true,"href":"https:\/\/sertv.gob.pa\/nacionalfm\/wp-json\/wp\/v2\/comments?post=20709"}],"version-history":[{"count":0,"href":"https:\/\/sertv.gob.pa\/nacionalfm\/wp-json\/wp\/v2\/posts\/20709\/revisions"}],"wp:featuredmedia":[{"embeddable":true,"href":"https:\/\/sertv.gob.pa\/nacionalfm\/wp-json\/wp\/v2\/media\/20710"}],"wp:attachment":[{"href":"https:\/\/sertv.gob.pa\/nacionalfm\/wp-json\/wp\/v2\/media?parent=20709"}],"wp:term":[{"taxonomy":"category","embeddable":true,"href":"https:\/\/sertv.gob.pa\/nacionalfm\/wp-json\/wp\/v2\/categories?post=20709"},{"taxonomy":"post_tag","embeddable":true,"href":"https:\/\/sertv.gob.pa\/nacionalfm\/wp-json\/wp\/v2\/tags?post=20709"}],"curies":[{"name":"wp","href":"https:\/\/api.w.org\/{rel}","templated":true}]}}