{"id":20753,"date":"2017-05-26T15:31:17","date_gmt":"2017-05-26T15:31:17","guid":{"rendered":""},"modified":"2017-05-26T15:31:17","modified_gmt":"2017-05-26T15:31:17","slug":"980-casos-de-dengue-en-el-pais-son-reportados-por-minsa","status":"publish","type":"post","link":"https:\/\/sertv.gob.pa\/nacionalfm\/980-casos-de-dengue-en-el-pais-son-reportados-por-minsa\/","title":{"rendered":"980 casos de dengue en el pa\u00eds son reportados por Minsa"},"content":{"rendered":"<p>\nEl Ministerio de Salud ha reportado 980 casos de dengue en lo que va del a\u00f1o, aunque no se han registrado decesos.\u00a0 <\/p>\n<p>De total de casos de dengue, 4 han sido catalogados como graves, 87 fueron ubicados en el rango de alarma, seg\u00fan informaci\u00f3n proporcionada por la Doctora Lorena Merlo del Ministerio de Salud.\u00a0 <\/p>\n<p>No obstante, el mosquito aedes aegyptis no solo transmite el dengue. Igualmente se han confirmado 168 casos de Zika y 9 casos de Chikungunya, de los cuales uno es importado. \u00a0 <\/p>\n<p>Las comunidades con mayor infestaci\u00f3n la lidera Panam\u00e1 norte con el 5.6% casos, seguido de Panam\u00e1 Metro, \u00a0San Miguelito y Guna Yala.\u00a0 <\/p>\n<p>\u00a0 <\/p>\n<p>\u00a0 <\/p>\n","protected":false},"excerpt":{"rendered":"<p>El Ministerio de Salud ha reportado 980 casos de dengue <a href=\"https:\/\/sertv.gob.pa\/nacionalfm\/980-casos-de-dengue-en-el-pais-son-reportados-por-minsa\/\"> [&#8230;]<\/a><\/p>\n","protected":false},"author":1,"featured_media":20754,"comment_status":"closed","ping_status":"closed","sticky":false,"template":"","format":"standard","meta":{"footnotes":""},"categories":[5],"tags":[],"class_list":["post-20753","post","type-post","status-publish","format-standard","has-post-thumbnail","hentry","category-salud"],"_links":{"self":[{"href":"https:\/\/sertv.gob.pa\/nacionalfm\/wp-json\/wp\/v2\/posts\/20753","targetHints":{"allow":["GET"]}}],"collection":[{"href":"https:\/\/sertv.gob.pa\/nacionalfm\/wp-json\/wp\/v2\/posts"}],"about":[{"href":"https:\/\/sertv.gob.pa\/nacionalfm\/wp-json\/wp\/v2\/types\/post"}],"author":[{"embeddable":true,"href":"https:\/\/sertv.gob.pa\/nacionalfm\/wp-json\/wp\/v2\/users\/1"}],"replies":[{"embeddable":true,"href":"https:\/\/sertv.gob.pa\/nacionalfm\/wp-json\/wp\/v2\/comments?post=20753"}],"version-history":[{"count":0,"href":"https:\/\/sertv.gob.pa\/nacionalfm\/wp-json\/wp\/v2\/posts\/20753\/revisions"}],"wp:featuredmedia":[{"embeddable":true,"href":"https:\/\/sertv.gob.pa\/nacionalfm\/wp-json\/wp\/v2\/media\/20754"}],"wp:attachment":[{"href":"https:\/\/sertv.gob.pa\/nacionalfm\/wp-json\/wp\/v2\/media?parent=20753"}],"wp:term":[{"taxonomy":"category","embeddable":true,"href":"https:\/\/sertv.gob.pa\/nacionalfm\/wp-json\/wp\/v2\/categories?post=20753"},{"taxonomy":"post_tag","embeddable":true,"href":"https:\/\/sertv.gob.pa\/nacionalfm\/wp-json\/wp\/v2\/tags?post=20753"}],"curies":[{"name":"wp","href":"https:\/\/api.w.org\/{rel}","templated":true}]}}