{"id":20783,"date":"2017-05-29T17:06:41","date_gmt":"2017-05-29T17:06:41","guid":{"rendered":""},"modified":"2017-05-29T17:06:41","modified_gmt":"2017-05-29T17:06:41","slug":"248-personas-fallecen-por-el-colera-desde-junio-del-2016","status":"publish","type":"post","link":"https:\/\/sertv.gob.pa\/nacionalfm\/248-personas-fallecen-por-el-colera-desde-junio-del-2016\/","title":{"rendered":"248 personas fallecen por el c\u00f3lera desde junio del 2016"},"content":{"rendered":"<p>\nEl c\u00f3lera ha ocasionado 248 muertos y afectado a 8 mil 160 en 19 provincias de Sud\u00e1n del Sur desde que se anunci\u00f3 oficialmente un brote de la enfermedad en el pa\u00eds en junio de 2016, inform\u00f3 hoy la ONU. <\/p>\n<p>En las \u00faltimas cuatro semanas se han registrado nuevos casos \u00aben \u00e1reas lejanas\u00bb con respecto al brote inicial, que estaba localizado en zonas pr\u00f3ximas al Nilo, lo que muestra \u00abla expansi\u00f3n del c\u00f3lera en Sud\u00e1n del Sur\u00bb, seg\u00fan un comunicado de la Oficina de la ONU para los Asuntos Humanitarios en Sud\u00e1n (OCHA, por sus siglas en ingl\u00e9s). <\/p>\n<p>El 70% de los afectados no superan los treinta a\u00f1os de edad, agrega la nota. La expansi\u00f3n de la epidemia este a\u00f1o super\u00f3 promedios anteriores desde que Sud\u00e1n del Sur se independiz\u00f3 de su vecino del norte, Sud\u00e1n, en julio de 2011, y \u00abse extendi\u00f3 en zonas m\u00e1s amplias, representa m\u00e1s peligro para la gente y es m\u00e1s duradera\u00bb, precis\u00f3 la OCHA. <\/p>\n<p>Las estad\u00edsticas se\u00f1alan que en 2014 se registraron 6.421 casos, entre ellos 167 muertes durante el brote, que dur\u00f3 ocho meses, y en 2015 fueron afectadas 1.818 personas, entre las que hubo 47 muertos durante cinco meses. <\/p>\n<p>La OCHA mostr\u00f3 su preocupaci\u00f3n por el posible incremento de los casos durante la pr\u00f3xima estaci\u00f3n de lluvias y con la contribuci\u00f3n de las deficiencias sanitarias que son resultado de la guerra civil que vive el pa\u00eds desde 2013. <\/p>\n<p>\u00a0 <\/p>\n","protected":false},"excerpt":{"rendered":"<p>El c\u00f3lera ha ocasionado 248 muertos y afectado a 8 <a href=\"https:\/\/sertv.gob.pa\/nacionalfm\/248-personas-fallecen-por-el-colera-desde-junio-del-2016\/\"> [&#8230;]<\/a><\/p>\n","protected":false},"author":1,"featured_media":20784,"comment_status":"closed","ping_status":"closed","sticky":false,"template":"","format":"standard","meta":{"footnotes":""},"categories":[5],"tags":[],"class_list":["post-20783","post","type-post","status-publish","format-standard","has-post-thumbnail","hentry","category-salud"],"_links":{"self":[{"href":"https:\/\/sertv.gob.pa\/nacionalfm\/wp-json\/wp\/v2\/posts\/20783","targetHints":{"allow":["GET"]}}],"collection":[{"href":"https:\/\/sertv.gob.pa\/nacionalfm\/wp-json\/wp\/v2\/posts"}],"about":[{"href":"https:\/\/sertv.gob.pa\/nacionalfm\/wp-json\/wp\/v2\/types\/post"}],"author":[{"embeddable":true,"href":"https:\/\/sertv.gob.pa\/nacionalfm\/wp-json\/wp\/v2\/users\/1"}],"replies":[{"embeddable":true,"href":"https:\/\/sertv.gob.pa\/nacionalfm\/wp-json\/wp\/v2\/comments?post=20783"}],"version-history":[{"count":0,"href":"https:\/\/sertv.gob.pa\/nacionalfm\/wp-json\/wp\/v2\/posts\/20783\/revisions"}],"wp:featuredmedia":[{"embeddable":true,"href":"https:\/\/sertv.gob.pa\/nacionalfm\/wp-json\/wp\/v2\/media\/20784"}],"wp:attachment":[{"href":"https:\/\/sertv.gob.pa\/nacionalfm\/wp-json\/wp\/v2\/media?parent=20783"}],"wp:term":[{"taxonomy":"category","embeddable":true,"href":"https:\/\/sertv.gob.pa\/nacionalfm\/wp-json\/wp\/v2\/categories?post=20783"},{"taxonomy":"post_tag","embeddable":true,"href":"https:\/\/sertv.gob.pa\/nacionalfm\/wp-json\/wp\/v2\/tags?post=20783"}],"curies":[{"name":"wp","href":"https:\/\/api.w.org\/{rel}","templated":true}]}}