{"id":20791,"date":"2017-05-29T18:29:14","date_gmt":"2017-05-29T18:29:14","guid":{"rendered":""},"modified":"2017-05-29T18:29:14","modified_gmt":"2017-05-29T18:29:14","slug":"promover-programa-de-salud-preve-la-ops","status":"publish","type":"post","link":"https:\/\/sertv.gob.pa\/nacionalfm\/promover-programa-de-salud-preve-la-ops\/","title":{"rendered":"Promover programa de salud prev\u00e9 la OPS"},"content":{"rendered":"<p>\nLa Organizaci\u00f3n Panamericana de la Salud (OPS) prev\u00e9 promocionar en Colombia y M\u00e9xico el programa saludable &ldquo;Honduras Act\u00edvate&rdquo; que impulsa el presidente hondure\u00f1o, Juan Orlando Hern\u00e1ndez, inform\u00f3 una fuente oficial. <\/p>\n<p>El anuncio lo hizo el representante de la OPS en Honduras, Alex Padilla, quien se\u00f1al\u00f3 que en una reciente reuni\u00f3n regional de la OPS en Guatemala se presentaron los resultados y logros de &ldquo;Honduras Act\u00edvate&rdquo;, y que se est\u00e1 pensando en hacer un proyecto colaborativo con M\u00e9xico y Colombia. <\/p>\n<p>La idea es &lsquo;aportar esta experiencia con esos pa\u00edses&#8217;, manifest\u00f3 Padilla en la conmemoraci\u00f3n del segundo aniversario del programa &ldquo;Honduras Act\u00edvate&rdquo; que se celebr\u00f3 ayer en la ciudad de La Paz, Honduras. <\/p>\n<p>\u00a0 <\/p>\n","protected":false},"excerpt":{"rendered":"<p>La Organizaci\u00f3n Panamericana de la Salud (OPS) prev\u00e9 promocionar en <a href=\"https:\/\/sertv.gob.pa\/nacionalfm\/promover-programa-de-salud-preve-la-ops\/\"> [&#8230;]<\/a><\/p>\n","protected":false},"author":1,"featured_media":20792,"comment_status":"closed","ping_status":"closed","sticky":false,"template":"","format":"standard","meta":{"footnotes":""},"categories":[5],"tags":[],"class_list":["post-20791","post","type-post","status-publish","format-standard","has-post-thumbnail","hentry","category-salud"],"_links":{"self":[{"href":"https:\/\/sertv.gob.pa\/nacionalfm\/wp-json\/wp\/v2\/posts\/20791","targetHints":{"allow":["GET"]}}],"collection":[{"href":"https:\/\/sertv.gob.pa\/nacionalfm\/wp-json\/wp\/v2\/posts"}],"about":[{"href":"https:\/\/sertv.gob.pa\/nacionalfm\/wp-json\/wp\/v2\/types\/post"}],"author":[{"embeddable":true,"href":"https:\/\/sertv.gob.pa\/nacionalfm\/wp-json\/wp\/v2\/users\/1"}],"replies":[{"embeddable":true,"href":"https:\/\/sertv.gob.pa\/nacionalfm\/wp-json\/wp\/v2\/comments?post=20791"}],"version-history":[{"count":0,"href":"https:\/\/sertv.gob.pa\/nacionalfm\/wp-json\/wp\/v2\/posts\/20791\/revisions"}],"wp:featuredmedia":[{"embeddable":true,"href":"https:\/\/sertv.gob.pa\/nacionalfm\/wp-json\/wp\/v2\/media\/20792"}],"wp:attachment":[{"href":"https:\/\/sertv.gob.pa\/nacionalfm\/wp-json\/wp\/v2\/media?parent=20791"}],"wp:term":[{"taxonomy":"category","embeddable":true,"href":"https:\/\/sertv.gob.pa\/nacionalfm\/wp-json\/wp\/v2\/categories?post=20791"},{"taxonomy":"post_tag","embeddable":true,"href":"https:\/\/sertv.gob.pa\/nacionalfm\/wp-json\/wp\/v2\/tags?post=20791"}],"curies":[{"name":"wp","href":"https:\/\/api.w.org\/{rel}","templated":true}]}}