{"id":20801,"date":"2017-05-29T20:07:55","date_gmt":"2017-05-29T20:07:55","guid":{"rendered":""},"modified":"2017-05-29T20:07:55","modified_gmt":"2017-05-29T20:07:55","slug":"edgar-crespo-ocupa-primer-lugar-en-50-metros-pecho-en-brixen-italia","status":"publish","type":"post","link":"https:\/\/sertv.gob.pa\/nacionalfm\/edgar-crespo-ocupa-primer-lugar-en-50-metros-pecho-en-brixen-italia\/","title":{"rendered":"Edgar Crespo ocupa primer lugar en 50 metros pecho en Brixen Italia"},"content":{"rendered":"<p>\nEste fin de semana se realiz\u00f3 en Brixen, Italia, el 2017 Acquarena Cup-International Swin Mett, en el cual el nadador paname\u00f1o Edgar Crespo culmin\u00f3 en los 50 metros pecho. donde consigui\u00f3 el primer lugar para Panam\u00e1 con un crono de 28.13 en las finales de la prueba. <\/p>\n<p>El segundo lugar fue para Giedrius Tenis, de Lituania, con un tiempo de 28.24 y el tercer lugar lo obtuvo Johannes Skagius de Suecia, con una marca de 28.29. <\/p>\n<p>Ayer domingo, el nadador ol\u00edmpico compiti\u00f3 en los 100 metros pecho, clasificando a las finales. En las finales, el paname\u00f1o, qued\u00f3 en la posici\u00f3n 5ta con un tiempo de 1:03.23. <\/p>\n<p>El trit\u00f3n paname\u00f1o posiblemente ver\u00e1 acci\u00f3n nuevamente este Jueves 1 de Junio en el Budapest Swim Cup, donde ser\u00e1 un evento de prueba de las instalaciones donde se realizar\u00e1 el Mundial de Nataci\u00f3n en el mes de Julio. <\/p>\n<p>\u00a0 <\/p>\n","protected":false},"excerpt":{"rendered":"<p>Este fin de semana se realiz\u00f3 en Brixen, Italia, el <a href=\"https:\/\/sertv.gob.pa\/nacionalfm\/edgar-crespo-ocupa-primer-lugar-en-50-metros-pecho-en-brixen-italia\/\"> [&#8230;]<\/a><\/p>\n","protected":false},"author":1,"featured_media":20802,"comment_status":"closed","ping_status":"closed","sticky":false,"template":"","format":"standard","meta":{"footnotes":""},"categories":[4],"tags":[],"class_list":["post-20801","post","type-post","status-publish","format-standard","has-post-thumbnail","hentry","category-deportes"],"_links":{"self":[{"href":"https:\/\/sertv.gob.pa\/nacionalfm\/wp-json\/wp\/v2\/posts\/20801","targetHints":{"allow":["GET"]}}],"collection":[{"href":"https:\/\/sertv.gob.pa\/nacionalfm\/wp-json\/wp\/v2\/posts"}],"about":[{"href":"https:\/\/sertv.gob.pa\/nacionalfm\/wp-json\/wp\/v2\/types\/post"}],"author":[{"embeddable":true,"href":"https:\/\/sertv.gob.pa\/nacionalfm\/wp-json\/wp\/v2\/users\/1"}],"replies":[{"embeddable":true,"href":"https:\/\/sertv.gob.pa\/nacionalfm\/wp-json\/wp\/v2\/comments?post=20801"}],"version-history":[{"count":0,"href":"https:\/\/sertv.gob.pa\/nacionalfm\/wp-json\/wp\/v2\/posts\/20801\/revisions"}],"wp:featuredmedia":[{"embeddable":true,"href":"https:\/\/sertv.gob.pa\/nacionalfm\/wp-json\/wp\/v2\/media\/20802"}],"wp:attachment":[{"href":"https:\/\/sertv.gob.pa\/nacionalfm\/wp-json\/wp\/v2\/media?parent=20801"}],"wp:term":[{"taxonomy":"category","embeddable":true,"href":"https:\/\/sertv.gob.pa\/nacionalfm\/wp-json\/wp\/v2\/categories?post=20801"},{"taxonomy":"post_tag","embeddable":true,"href":"https:\/\/sertv.gob.pa\/nacionalfm\/wp-json\/wp\/v2\/tags?post=20801"}],"curies":[{"name":"wp","href":"https:\/\/api.w.org\/{rel}","templated":true}]}}