{"id":20805,"date":"2017-05-29T20:50:00","date_gmt":"2017-05-29T20:50:00","guid":{"rendered":""},"modified":"2017-05-29T20:50:00","modified_gmt":"2017-05-29T20:50:00","slug":"jorlian-sanchez-del-sporting-san-miguelito-fue-goleador-de-clausura-de-lpf","status":"publish","type":"post","link":"https:\/\/sertv.gob.pa\/nacionalfm\/jorlian-sanchez-del-sporting-san-miguelito-fue-goleador-de-clausura-de-lpf\/","title":{"rendered":"Jorlian S\u00e1nchez del Sporting San Miguelito fue goleador de Clausura de LPF"},"content":{"rendered":"<p>\nEnrico Small y Armando Polo no pudieron alcanzar en la Gran Final del Torneo de Clausura 2017, al delantero del Sporting San Miguelito, Jorlian S\u00e1nchez, quien se llev\u00f3 el galard\u00f3n del goleador del torneo. <\/p>\n<p>Los 9 goles anotados por S\u00e1nchez en ronda regular le bastaron para superar a todos sus perseguidores, inclusive a Small y Polo quienes jugaron tres partidos m\u00e1s que \u00e9l. <\/p>\n<p>\u00a0 <\/p>\n","protected":false},"excerpt":{"rendered":"<p>Enrico Small y Armando Polo no pudieron alcanzar en la <a href=\"https:\/\/sertv.gob.pa\/nacionalfm\/jorlian-sanchez-del-sporting-san-miguelito-fue-goleador-de-clausura-de-lpf\/\"> [&#8230;]<\/a><\/p>\n","protected":false},"author":1,"featured_media":20806,"comment_status":"closed","ping_status":"closed","sticky":false,"template":"","format":"standard","meta":{"footnotes":""},"categories":[4],"tags":[],"class_list":["post-20805","post","type-post","status-publish","format-standard","has-post-thumbnail","hentry","category-deportes"],"_links":{"self":[{"href":"https:\/\/sertv.gob.pa\/nacionalfm\/wp-json\/wp\/v2\/posts\/20805","targetHints":{"allow":["GET"]}}],"collection":[{"href":"https:\/\/sertv.gob.pa\/nacionalfm\/wp-json\/wp\/v2\/posts"}],"about":[{"href":"https:\/\/sertv.gob.pa\/nacionalfm\/wp-json\/wp\/v2\/types\/post"}],"author":[{"embeddable":true,"href":"https:\/\/sertv.gob.pa\/nacionalfm\/wp-json\/wp\/v2\/users\/1"}],"replies":[{"embeddable":true,"href":"https:\/\/sertv.gob.pa\/nacionalfm\/wp-json\/wp\/v2\/comments?post=20805"}],"version-history":[{"count":0,"href":"https:\/\/sertv.gob.pa\/nacionalfm\/wp-json\/wp\/v2\/posts\/20805\/revisions"}],"wp:featuredmedia":[{"embeddable":true,"href":"https:\/\/sertv.gob.pa\/nacionalfm\/wp-json\/wp\/v2\/media\/20806"}],"wp:attachment":[{"href":"https:\/\/sertv.gob.pa\/nacionalfm\/wp-json\/wp\/v2\/media?parent=20805"}],"wp:term":[{"taxonomy":"category","embeddable":true,"href":"https:\/\/sertv.gob.pa\/nacionalfm\/wp-json\/wp\/v2\/categories?post=20805"},{"taxonomy":"post_tag","embeddable":true,"href":"https:\/\/sertv.gob.pa\/nacionalfm\/wp-json\/wp\/v2\/tags?post=20805"}],"curies":[{"name":"wp","href":"https:\/\/api.w.org\/{rel}","templated":true}]}}