{"id":20819,"date":"2017-05-30T15:49:40","date_gmt":"2017-05-30T15:49:40","guid":{"rendered":""},"modified":"2017-05-30T15:49:40","modified_gmt":"2017-05-30T15:49:40","slug":"realizan-sorteo-para-clasico-presidente-de-la-republica","status":"publish","type":"post","link":"https:\/\/sertv.gob.pa\/nacionalfm\/realizan-sorteo-para-clasico-presidente-de-la-republica\/","title":{"rendered":"Realizan sorteo para Cl\u00e1sico Presidente de la Rep\u00fablica"},"content":{"rendered":"<p>\nEste domingo 4 de junio se correr\u00e1 en el Hip\u00f3dromo Presidente Rem\u00f3n el Cl\u00e1sico Presidente de la Rep\u00fablica en su edici\u00f3n N\u00famero 89, con una distancia de 2 mil 100 metros y bolsa a repartir por 100 mil balboas, por lo que se realiz\u00f3 el sorteo de los carriles de los 14 ejemplares inscritos. <\/p>\n<p>El sorteo de los carriles se efectu\u00f3 en una ceremonia protocolar, que cont\u00f3 con la participaci\u00f3n del gerente general del coso h\u00edpico, Carlos Salazar; del director general del Instituto Paname\u00f1o de Deportes (PANDEPORTES), Roberto Arango, entrenadores, jinetes y miembros de la prensa. <\/p>\n<p>Resalt\u00f3 que PANDEPORTES adem\u00e1s de patrocinador de este evento cl\u00e1sico contribuir\u00e1 al facilitar los estacionamientos del estadio Rommel Fern\u00e1ndez y la arena Roberto Dur\u00e1n en la ciudad deportiva Irving Saladino para la comodidad de la gran cantidad de fan\u00e1ticos que se esperan para esta carrera. <\/p>\n<p>Salazar puntualiz\u00f3 que el Cl\u00e1sico Presidente ser\u00e1 una fiesta familiar, por lo que se tendr\u00e1 actividades recreativas para los ni\u00f1os y la presentaci\u00f3n art\u00edstica del salsero puertorrique\u00f1o Tito Rojas, por lo que las carreras se ha programado que inicien a la 1 de la tarde y correr el evento principal a las 5:45, para que el p\u00fablico pueda retirarse antes de las 7 de la noche. <\/p>\n<p>Explico que los ejemplares &ldquo;Promiose Tower&rdquo;, Blackcap&rdquo; y &ldquo;Jorge Zeta&rdquo; quedaron elegibles para tomar el puesto de darse el retiro de uno de los inscritos, pero que correr\u00e1n fuera de las puestas. <\/p>\n<p>Al darse el sorteo &ldquo;Salustio&rdquo;, que ser\u00e1 montado por Lorenzo Lezcano fue favorecido con el\u00a0 n\u00famero uno y escogieron el carril 10, en el dos &ldquo;V.I.P. Zone con Wigberto Ramos en el 9, &ldquo;Uxla P&rdquo; con Jos\u00e9 Morales con el tres en el 8, &ldquo;Dunkirk\u00b4s Boy&rdquo; con Luis S\u00e1nchez con el cuarto en el 3, &ldquo;Cultimus Prime&rdquo; con Aldo Arboleda con el 5 en el 6. <\/p>\n<p>Adem\u00e1s, &ldquo;California Music&rdquo; con la conducci\u00f3n de Luis Arango seleccionaron la sexta papeleta y saldr\u00e1n del carril 7, &ldquo;Don Samy&rdquo; con David Haldar con el 7 del 5,&ldquo;T\u00edo Fabio&rdquo; con \u00c1ngel Rivas con el 8 en el 4, &ldquo;&rdquo;Walk To Fame&rdquo; con Omar Hern\u00e1ndez con el 9 en el 11, &ldquo;Calinico&rdquo; con Fernando Jara con el 10 en el 12, &ldquo;Assassin&rdquo; con Luis S\u00e1nchez con el 11 en el 2, &ldquo;Candy Sugar Lady&rdquo; con Abdiel Ja\u00e9n con el 12 en el 13, &ldquo;Noble Bebe&rdquo; con Tom\u00e1s Mej\u00eda en el\u00a0 13 del 1 y &ldquo;Torniquette&rdquo; con Roberto P\u00e9rez en el 14 en el 14. <\/p>\n<p>\u00a0 <\/p>\n","protected":false},"excerpt":{"rendered":"<p>Este domingo 4 de junio se correr\u00e1 en el Hip\u00f3dromo <a href=\"https:\/\/sertv.gob.pa\/nacionalfm\/realizan-sorteo-para-clasico-presidente-de-la-republica\/\"> [&#8230;]<\/a><\/p>\n","protected":false},"author":1,"featured_media":20820,"comment_status":"closed","ping_status":"closed","sticky":false,"template":"","format":"standard","meta":{"footnotes":""},"categories":[4],"tags":[],"class_list":["post-20819","post","type-post","status-publish","format-standard","has-post-thumbnail","hentry","category-deportes"],"_links":{"self":[{"href":"https:\/\/sertv.gob.pa\/nacionalfm\/wp-json\/wp\/v2\/posts\/20819","targetHints":{"allow":["GET"]}}],"collection":[{"href":"https:\/\/sertv.gob.pa\/nacionalfm\/wp-json\/wp\/v2\/posts"}],"about":[{"href":"https:\/\/sertv.gob.pa\/nacionalfm\/wp-json\/wp\/v2\/types\/post"}],"author":[{"embeddable":true,"href":"https:\/\/sertv.gob.pa\/nacionalfm\/wp-json\/wp\/v2\/users\/1"}],"replies":[{"embeddable":true,"href":"https:\/\/sertv.gob.pa\/nacionalfm\/wp-json\/wp\/v2\/comments?post=20819"}],"version-history":[{"count":0,"href":"https:\/\/sertv.gob.pa\/nacionalfm\/wp-json\/wp\/v2\/posts\/20819\/revisions"}],"wp:featuredmedia":[{"embeddable":true,"href":"https:\/\/sertv.gob.pa\/nacionalfm\/wp-json\/wp\/v2\/media\/20820"}],"wp:attachment":[{"href":"https:\/\/sertv.gob.pa\/nacionalfm\/wp-json\/wp\/v2\/media?parent=20819"}],"wp:term":[{"taxonomy":"category","embeddable":true,"href":"https:\/\/sertv.gob.pa\/nacionalfm\/wp-json\/wp\/v2\/categories?post=20819"},{"taxonomy":"post_tag","embeddable":true,"href":"https:\/\/sertv.gob.pa\/nacionalfm\/wp-json\/wp\/v2\/tags?post=20819"}],"curies":[{"name":"wp","href":"https:\/\/api.w.org\/{rel}","templated":true}]}}