{"id":20829,"date":"2017-05-30T18:50:00","date_gmt":"2017-05-30T18:50:00","guid":{"rendered":""},"modified":"2017-05-30T18:50:00","modified_gmt":"2017-05-30T18:50:00","slug":"no-dormir-lo-suficiente-causa-problemas-neurologicos","status":"publish","type":"post","link":"https:\/\/sertv.gob.pa\/nacionalfm\/no-dormir-lo-suficiente-causa-problemas-neurologicos\/","title":{"rendered":"No dormir lo suficiente causa problemas neurol\u00f3gicos"},"content":{"rendered":"<p>\nUn descanso \u00f3ptimo es fundamental para estar perfectos d\u00eda tras d\u00eda, pero tambi\u00e9n incluso para evitar algunos problemas neurol\u00f3gicos que de lo contrario tendr\u00edamos mayor propensi\u00f3n a padecer. As\u00ed lo dice un estudio a cargo de investigadores y neur\u00f3logos de la Universidad Polit\u00e9cnica de Marche (Italia), determinando que la falta de sue\u00f1o puede derivar en enfermedades como el Alzheimer, la demencia y otros problemas a largo plazo. <\/p>\n<p>Lo han determinado luego de comparar el funcionamiento cerebral de dos grupos de ratones, uno que dorm\u00eda lo suficiente y otro que se manten\u00eda despierto durante cinco d\u00edas. Tras el an\u00e1lisis se percataron de que la falta de sue\u00f1o estimulaba la actividad de los astrocitos, c\u00e9lulas que destruyen las sinapsis; es decir, los enlaces que unen las neuronas, lo que se traduce en que se van destruyendo las conexiones cerebrales. <\/p>\n<p>\u00abPor primera vez, mostramos como los astrocitos se comen parte de las sinapsis debido a la falta de sue\u00f1o\u00bb, ha comenta el director del estudio, Michele Bellesi. Y por otro lado igualmente averiguaron que las microgl\u00edas, c\u00e9lulas que est\u00e1n relacionadas con el origen del Alzheimer, aumentan su actividad despu\u00e9s del insomnio, lo que podr\u00eda ser otro indicativo de que la falta de sue\u00f1o produce da\u00f1os cerebrales. <\/p>\n<p>\u00a0 <\/p>\n","protected":false},"excerpt":{"rendered":"<p>Un descanso \u00f3ptimo es fundamental para estar perfectos d\u00eda tras <a href=\"https:\/\/sertv.gob.pa\/nacionalfm\/no-dormir-lo-suficiente-causa-problemas-neurologicos\/\"> [&#8230;]<\/a><\/p>\n","protected":false},"author":1,"featured_media":20830,"comment_status":"closed","ping_status":"closed","sticky":false,"template":"","format":"standard","meta":{"footnotes":""},"categories":[5],"tags":[],"class_list":["post-20829","post","type-post","status-publish","format-standard","has-post-thumbnail","hentry","category-salud"],"_links":{"self":[{"href":"https:\/\/sertv.gob.pa\/nacionalfm\/wp-json\/wp\/v2\/posts\/20829","targetHints":{"allow":["GET"]}}],"collection":[{"href":"https:\/\/sertv.gob.pa\/nacionalfm\/wp-json\/wp\/v2\/posts"}],"about":[{"href":"https:\/\/sertv.gob.pa\/nacionalfm\/wp-json\/wp\/v2\/types\/post"}],"author":[{"embeddable":true,"href":"https:\/\/sertv.gob.pa\/nacionalfm\/wp-json\/wp\/v2\/users\/1"}],"replies":[{"embeddable":true,"href":"https:\/\/sertv.gob.pa\/nacionalfm\/wp-json\/wp\/v2\/comments?post=20829"}],"version-history":[{"count":0,"href":"https:\/\/sertv.gob.pa\/nacionalfm\/wp-json\/wp\/v2\/posts\/20829\/revisions"}],"wp:featuredmedia":[{"embeddable":true,"href":"https:\/\/sertv.gob.pa\/nacionalfm\/wp-json\/wp\/v2\/media\/20830"}],"wp:attachment":[{"href":"https:\/\/sertv.gob.pa\/nacionalfm\/wp-json\/wp\/v2\/media?parent=20829"}],"wp:term":[{"taxonomy":"category","embeddable":true,"href":"https:\/\/sertv.gob.pa\/nacionalfm\/wp-json\/wp\/v2\/categories?post=20829"},{"taxonomy":"post_tag","embeddable":true,"href":"https:\/\/sertv.gob.pa\/nacionalfm\/wp-json\/wp\/v2\/tags?post=20829"}],"curies":[{"name":"wp","href":"https:\/\/api.w.org\/{rel}","templated":true}]}}