{"id":20831,"date":"2017-05-30T18:55:49","date_gmt":"2017-05-30T18:55:49","guid":{"rendered":""},"modified":"2017-05-30T18:55:49","modified_gmt":"2017-05-30T18:55:49","slug":"en-2050-se-triplicara-numero-de-personas-con-demencia-senil","status":"publish","type":"post","link":"https:\/\/sertv.gob.pa\/nacionalfm\/en-2050-se-triplicara-numero-de-personas-con-demencia-senil\/","title":{"rendered":"En 2050 se triplicar\u00e1 n\u00famero de personas con demencia senil"},"content":{"rendered":"<p>\nLa demencia afecta a nivel mundial a unos   47,5 millones de personas  , con 7,7 millones de nuevos casos cada a\u00f1o, y la Organizaci\u00f3n Mundial de la Salud (OMS) estima que en 2030 habr\u00e1 75,6 millones y en 2050 unos 135,5 millones,   el triple que actualmente  . <\/p>\n<p>Entre el 5 y 8% de la poblaci\u00f3n general de 60 a\u00f1os sufre esta enfermedad mental en alg\u00fan momento y entre el 60-70 por ciento de estos casos son enfermedad de   Alzheimer  , el tipo de demencia m\u00e1s com\u00fan. <\/p>\n<p>El problema, seg\u00fan ha reconocido este organismo de Naciones Unidas, es que poco m\u00e1s de la mitad (58%) viven en pa\u00edses de ingresos bajos y medios, ya que buena parte del incremento previsto para los pr\u00f3ximos a\u00f1os \u00abpuede achacarse al hecho de que en los pa\u00edses de ingresos bajos y medios el n\u00famero de personas con demencia tender\u00e1 a aumentar cada vez m\u00e1s\u00bb, seg\u00fan la OMS. <\/p>\n<p>La demencia es un s\u00edndrome que implica el deterioro de la memoria, el intelecto, el comportamiento y la capacidad para efectuar actividades de la vida diaria. Aunque afecta principalmente a las personas mayores, no constituye una consecuencia normal del envejecimiento. <\/p>\n<p>Asimismo, es una de las principales causas de discapacidad y dependencia entre las personas mayores en el mundo, lo que tambi\u00e9n tiene impacto f\u00edsico, psicol\u00f3gico, social y econ\u00f3mico en los cuidadores, las familias y la sociedad. <\/p>\n<p>Esto conlleva importantes   repercusiones sociales y econ\u00f3micas   en lo que respecta a los costos m\u00e9dicos directos, los sociales y los referidos a la atenci\u00f3n prestada fuera del \u00e1mbito institucional. En 2010 el costo social total de la demencia a nivel mundial era de unos 604.000 millones de d\u00f3lares (unos   539.000 millones de euros  ), lo que equivale al 1 por ciento del producto interior bruto (PIB) mundial, o al 0,6% si solo se tienen en cuenta los costos directos. <\/p>\n<p>Sin embargo, este impacto tambi\u00e9n tiene variaciones en funci\u00f3n del desarrollo de cada pa\u00eds, ya que corresponde al 0,24 por ciento en los pa\u00edses de ingresos bajos y al 1,24 por ciento en los pa\u00edses de ingresos altos. <\/p>\n<p>La OMS reconoce la demencia como una prioridad de salud p\u00fablica, y entre sus metas m\u00e1s concretas est\u00e1 la de velar por que se intensifiquen los esfuerzos p\u00fablicos y privados en pro de la mejora de la atenci\u00f3n y el apoyo prestados a las personas con demencia y sus cuidadores. <\/p>\n<p>\u00a0 <\/p>\n","protected":false},"excerpt":{"rendered":"<p>La demencia afecta a nivel mundial a unos 47,5 millones <a href=\"https:\/\/sertv.gob.pa\/nacionalfm\/en-2050-se-triplicara-numero-de-personas-con-demencia-senil\/\"> [&#8230;]<\/a><\/p>\n","protected":false},"author":1,"featured_media":20832,"comment_status":"closed","ping_status":"closed","sticky":false,"template":"","format":"standard","meta":{"footnotes":""},"categories":[5],"tags":[],"class_list":["post-20831","post","type-post","status-publish","format-standard","has-post-thumbnail","hentry","category-salud"],"_links":{"self":[{"href":"https:\/\/sertv.gob.pa\/nacionalfm\/wp-json\/wp\/v2\/posts\/20831","targetHints":{"allow":["GET"]}}],"collection":[{"href":"https:\/\/sertv.gob.pa\/nacionalfm\/wp-json\/wp\/v2\/posts"}],"about":[{"href":"https:\/\/sertv.gob.pa\/nacionalfm\/wp-json\/wp\/v2\/types\/post"}],"author":[{"embeddable":true,"href":"https:\/\/sertv.gob.pa\/nacionalfm\/wp-json\/wp\/v2\/users\/1"}],"replies":[{"embeddable":true,"href":"https:\/\/sertv.gob.pa\/nacionalfm\/wp-json\/wp\/v2\/comments?post=20831"}],"version-history":[{"count":0,"href":"https:\/\/sertv.gob.pa\/nacionalfm\/wp-json\/wp\/v2\/posts\/20831\/revisions"}],"wp:featuredmedia":[{"embeddable":true,"href":"https:\/\/sertv.gob.pa\/nacionalfm\/wp-json\/wp\/v2\/media\/20832"}],"wp:attachment":[{"href":"https:\/\/sertv.gob.pa\/nacionalfm\/wp-json\/wp\/v2\/media?parent=20831"}],"wp:term":[{"taxonomy":"category","embeddable":true,"href":"https:\/\/sertv.gob.pa\/nacionalfm\/wp-json\/wp\/v2\/categories?post=20831"},{"taxonomy":"post_tag","embeddable":true,"href":"https:\/\/sertv.gob.pa\/nacionalfm\/wp-json\/wp\/v2\/tags?post=20831"}],"curies":[{"name":"wp","href":"https:\/\/api.w.org\/{rel}","templated":true}]}}