{"id":20833,"date":"2017-05-30T21:24:59","date_gmt":"2017-05-30T21:24:59","guid":{"rendered":""},"modified":"2017-05-30T21:24:59","modified_gmt":"2017-05-30T21:24:59","slug":"3-clubes-panamenos-participan-en-sorteo-de-la-liga-de-concacaf","status":"publish","type":"post","link":"https:\/\/sertv.gob.pa\/nacionalfm\/3-clubes-panamenos-participan-en-sorteo-de-la-liga-de-concacaf\/","title":{"rendered":"3 clubes paname\u00f1os participan en sorteo de la Liga de CONCACAF"},"content":{"rendered":"<p>\nEl Club Deportivo \u00c1rabe Unido, el Plaza Amador y el Chorrillo FC, participar\u00e1n ma\u00f1ana mi\u00e9rcoles en el sorteo de la Liga CONCACAF, evento que se efectuar\u00e1 en el hotel Hilton Aeropuerto de la ciudad de Miami, en el que se sortear\u00e1n los 16 clubes clasificados en ocho series para la primera ronda del campeonato, la cual comenzar\u00e1 en la primera semana de agosto. <\/p>\n<p>Diecis\u00e9is clubes de 8 pa\u00edses distintos participar\u00e1n de esta primera edici\u00f3n del torneo continental: Belmop\u00e1n Bandits (BLZ), LD Alajuelense (CRC), Santos de Gu\u00e1piles FC (CRC), Alianza FC (SLV), CD \u00c1guila (SLV), CD Honduras Progreso (HON), CD Olimpia (HON), Platense FC (HON), Portmore United FC (JAM), CD Walter Ferretti (NIC), Real Estel\u00ed FC (NIC), Deportivo \u00c1rabe Unido (PAN), CD Plaza Amador (PAN), Chorrillo FC (PAN), Central FC (TRI) y San Juan Jabloteh (TRI). <\/p>\n","protected":false},"excerpt":{"rendered":"<p>El Club Deportivo \u00c1rabe Unido, el Plaza Amador y el <a href=\"https:\/\/sertv.gob.pa\/nacionalfm\/3-clubes-panamenos-participan-en-sorteo-de-la-liga-de-concacaf\/\"> [&#8230;]<\/a><\/p>\n","protected":false},"author":1,"featured_media":20834,"comment_status":"closed","ping_status":"closed","sticky":false,"template":"","format":"standard","meta":{"footnotes":""},"categories":[4],"tags":[],"class_list":["post-20833","post","type-post","status-publish","format-standard","has-post-thumbnail","hentry","category-deportes"],"_links":{"self":[{"href":"https:\/\/sertv.gob.pa\/nacionalfm\/wp-json\/wp\/v2\/posts\/20833","targetHints":{"allow":["GET"]}}],"collection":[{"href":"https:\/\/sertv.gob.pa\/nacionalfm\/wp-json\/wp\/v2\/posts"}],"about":[{"href":"https:\/\/sertv.gob.pa\/nacionalfm\/wp-json\/wp\/v2\/types\/post"}],"author":[{"embeddable":true,"href":"https:\/\/sertv.gob.pa\/nacionalfm\/wp-json\/wp\/v2\/users\/1"}],"replies":[{"embeddable":true,"href":"https:\/\/sertv.gob.pa\/nacionalfm\/wp-json\/wp\/v2\/comments?post=20833"}],"version-history":[{"count":0,"href":"https:\/\/sertv.gob.pa\/nacionalfm\/wp-json\/wp\/v2\/posts\/20833\/revisions"}],"wp:featuredmedia":[{"embeddable":true,"href":"https:\/\/sertv.gob.pa\/nacionalfm\/wp-json\/wp\/v2\/media\/20834"}],"wp:attachment":[{"href":"https:\/\/sertv.gob.pa\/nacionalfm\/wp-json\/wp\/v2\/media?parent=20833"}],"wp:term":[{"taxonomy":"category","embeddable":true,"href":"https:\/\/sertv.gob.pa\/nacionalfm\/wp-json\/wp\/v2\/categories?post=20833"},{"taxonomy":"post_tag","embeddable":true,"href":"https:\/\/sertv.gob.pa\/nacionalfm\/wp-json\/wp\/v2\/tags?post=20833"}],"curies":[{"name":"wp","href":"https:\/\/api.w.org\/{rel}","templated":true}]}}