{"id":2084,"date":"2014-10-15T05:00:00","date_gmt":"2014-10-15T05:00:00","guid":{"rendered":""},"modified":"2014-10-15T05:00:00","modified_gmt":"2014-10-15T05:00:00","slug":"vacuna-contra-vih-sida-en-avance","status":"publish","type":"post","link":"https:\/\/sertv.gob.pa\/nacionalfm\/vacuna-contra-vih-sida-en-avance\/","title":{"rendered":"Vacuna contra VIH\/sida en avance"},"content":{"rendered":"<p>\nEl m\u00e9dico paname\u00f1o Ad\u00e1n R\u00edos dio a conocer que luego de 20 a\u00f1os en la b\u00fasqueda de una vacuna preventiva contra el VIH\/sida se puede decir que hay avances en la investigaci\u00f3n. <\/p>\n<p>Explic\u00f3 que en laboratorio se logr\u00f3 establecer una metodolog\u00eda para inactivar el virus de manera consistente y, por otro lado, se enfocan en los virus transmisores con el objetivo de detener o neutralizar la infecci\u00f3n. <\/p>\n<p>Luego de tener en el laboratorio la cepa de los virus transmisores y los inactivadores, R\u00edos dijo que el siguiente paso es reconstruir el material gen\u00e9tico y someterlo a proceso de &ldquo;inactivaci\u00f3n&rdquo;. Esto ser\u00eda un estudio que podr\u00eda tomar aproximadamente un a\u00f1o para conocer los resultados. <\/p>\n<p>Los aportes del cient\u00edfico paname\u00f1o fueron dados a conocer en el IV Congreso Internacional organizado por la Asociaci\u00f3n de Estudiantes de Medicina de la Universidad Latina, denominado &ldquo;Manejo integral de las urgencias m\u00e9dicas&rdquo;. <\/p>\n<p>El vicepresidente del congreso, Isa\u00edas Caballero, destac\u00f3 que la ponencia del m\u00e9dico lleg\u00f3 a 400 estudiantes de medicina. <\/p>\n<p>\u00a0 <\/p>\n","protected":false},"excerpt":{"rendered":"<p>El m\u00e9dico paname\u00f1o Ad\u00e1n R\u00edos dio a conocer que luego <a href=\"https:\/\/sertv.gob.pa\/nacionalfm\/vacuna-contra-vih-sida-en-avance\/\"> [&#8230;]<\/a><\/p>\n","protected":false},"author":1,"featured_media":2085,"comment_status":"closed","ping_status":"closed","sticky":false,"template":"","format":"standard","meta":{"footnotes":""},"categories":[5],"tags":[],"class_list":["post-2084","post","type-post","status-publish","format-standard","has-post-thumbnail","hentry","category-salud"],"_links":{"self":[{"href":"https:\/\/sertv.gob.pa\/nacionalfm\/wp-json\/wp\/v2\/posts\/2084","targetHints":{"allow":["GET"]}}],"collection":[{"href":"https:\/\/sertv.gob.pa\/nacionalfm\/wp-json\/wp\/v2\/posts"}],"about":[{"href":"https:\/\/sertv.gob.pa\/nacionalfm\/wp-json\/wp\/v2\/types\/post"}],"author":[{"embeddable":true,"href":"https:\/\/sertv.gob.pa\/nacionalfm\/wp-json\/wp\/v2\/users\/1"}],"replies":[{"embeddable":true,"href":"https:\/\/sertv.gob.pa\/nacionalfm\/wp-json\/wp\/v2\/comments?post=2084"}],"version-history":[{"count":0,"href":"https:\/\/sertv.gob.pa\/nacionalfm\/wp-json\/wp\/v2\/posts\/2084\/revisions"}],"wp:featuredmedia":[{"embeddable":true,"href":"https:\/\/sertv.gob.pa\/nacionalfm\/wp-json\/wp\/v2\/media\/2085"}],"wp:attachment":[{"href":"https:\/\/sertv.gob.pa\/nacionalfm\/wp-json\/wp\/v2\/media?parent=2084"}],"wp:term":[{"taxonomy":"category","embeddable":true,"href":"https:\/\/sertv.gob.pa\/nacionalfm\/wp-json\/wp\/v2\/categories?post=2084"},{"taxonomy":"post_tag","embeddable":true,"href":"https:\/\/sertv.gob.pa\/nacionalfm\/wp-json\/wp\/v2\/tags?post=2084"}],"curies":[{"name":"wp","href":"https:\/\/api.w.org\/{rel}","templated":true}]}}