{"id":20857,"date":"2017-05-31T18:58:28","date_gmt":"2017-05-31T18:58:28","guid":{"rendered":""},"modified":"2017-05-31T18:58:28","modified_gmt":"2017-05-31T18:58:28","slug":"dia-mundial-contra-el-tabaco","status":"publish","type":"post","link":"https:\/\/sertv.gob.pa\/nacionalfm\/dia-mundial-contra-el-tabaco\/","title":{"rendered":"D\u00eda Mundial contra el Tabaco"},"content":{"rendered":"<p>\nEl consumo de tabaco provoca no \u00fanicamente las conocidas consecuencias nefastas sobre la salud de los que fuman y de su entorno, sino que igualmente tiene un impacto catastr\u00f3fico en el medio ambiente por los ingredientes t\u00f3xicos en los residuos de cigarrillos, toneladas de humo cancer\u00edgeno y el uso de pesticidas. <\/p>\n<p>Hoy se conmemora el D\u00eda Mundial contra el Tabaco y la Organizaci\u00f3n Mundial de la Salud (OMS) present\u00f3 su \u00faltimo informe anual acerca del uso de este producto centrado en el grave impacto que tiene sobre el medio ambiente. <\/p>\n<p>Las cifras m\u00e1s recientes se\u00f1alan que, pese a los esfuerzos internacionales por reducir el consumo de tabaco, \u00e9ste provoca la muerte de 7 millones de personas al a\u00f1o y genera gastos por 1,4 billones de d\u00f3lares en el mismo periodo, por los costes en sanidad, p\u00e9rdida de productividad y degradaci\u00f3n medioambiental. <\/p>\n<p>La OMS ha querido poner de relieve este a\u00f1o lo que ocurre luego de que el cigarrillo ha sido consumido, d\u00f3nde va a parar la colilla y c\u00f3mo sus efectos funestos persisten incluso despu\u00e9s de haber sido arrojada en una papelera o en la v\u00eda p\u00fablica. <\/p>\n<p>\u00abEste an\u00e1lisis es el primero que relaciona el impacto medioambiental con el cultivo, manufactura, uso y residuos del tabaco, a pesar de que la informaci\u00f3n es limitada porque la industria no reporta datos y los gobiernos no los exigen\u00bb, manifest\u00f3 el coordinador de la OMS para el Control de Tabaco, Vinayak Prased. <\/p>\n<p>Los especialistas han determinado que los desechos del tabaco contienen m\u00e1s de 7,000 qu\u00edmicos t\u00f3xicos que envenenan no solo la atm\u00f3sfera, sino los suelos, mares y los cursos de agua. <\/p>\n<p>Tomados de forma\u00a0 individual es el tipo de basura m\u00e1s com\u00fan en las calles, lo que se entiende cuando se sabe que 10,000 millones de cigarrillos &mdash;de los 15.000 millones que se venden a diario&mdash; terminan en el medio ambiente, con su mezcla de nicotina, ars\u00e9nico y metales pesados. <\/p>\n<p>Con dos tercios de los cigarrillos arrojados al suelo, entre 340 y 680 millones de kilos de desechos de tabaco son generados cada a\u00f1o. <\/p>\n<p>En las \u00e1reas urbanas y costeras, representan del 30 al 40 % de todos los desechos que se recogen. <\/p>\n<p>Pero no s\u00f3lo el desecho del cigarrillo se ha convertido en un dolor de cabeza para los servicios de limpieza municipales, sino igualmente los pl\u00e1sticos y las cajetillas en los que se venden. <\/p>\n<p>Otra forma de contaminaci\u00f3n debido al tabaco son las emisiones de humo, que representan toneladas de gases cancer\u00edgenos, t\u00f3xicos y de efecto invernadero. <\/p>\n<p>El tabaco genera efectos perniciosos para el medio ambiente desde el cultivo de la hoja de tabaco, que requiere el uso de agroqu\u00edmicos, reguladores de crecimiento y otras sustancias, y que contribuye a la deforestaci\u00f3n, alerta la OMS. <\/p>\n<p>La organizaci\u00f3n tambi\u00e9n pone de manifiesto la manera en que el tabaco contribuye al empobrecimiento del fumador, de su familia y de los pa\u00edses, siendo un factor que incrementa la desigualdad. <\/p>\n<p>\u00a0 <\/p>\n<p>\u00a0 <\/p>\n","protected":false},"excerpt":{"rendered":"<p>El consumo de tabaco provoca no \u00fanicamente las conocidas consecuencias <a href=\"https:\/\/sertv.gob.pa\/nacionalfm\/dia-mundial-contra-el-tabaco\/\"> [&#8230;]<\/a><\/p>\n","protected":false},"author":1,"featured_media":20858,"comment_status":"closed","ping_status":"closed","sticky":false,"template":"","format":"standard","meta":{"footnotes":""},"categories":[5],"tags":[],"class_list":["post-20857","post","type-post","status-publish","format-standard","has-post-thumbnail","hentry","category-salud"],"_links":{"self":[{"href":"https:\/\/sertv.gob.pa\/nacionalfm\/wp-json\/wp\/v2\/posts\/20857","targetHints":{"allow":["GET"]}}],"collection":[{"href":"https:\/\/sertv.gob.pa\/nacionalfm\/wp-json\/wp\/v2\/posts"}],"about":[{"href":"https:\/\/sertv.gob.pa\/nacionalfm\/wp-json\/wp\/v2\/types\/post"}],"author":[{"embeddable":true,"href":"https:\/\/sertv.gob.pa\/nacionalfm\/wp-json\/wp\/v2\/users\/1"}],"replies":[{"embeddable":true,"href":"https:\/\/sertv.gob.pa\/nacionalfm\/wp-json\/wp\/v2\/comments?post=20857"}],"version-history":[{"count":0,"href":"https:\/\/sertv.gob.pa\/nacionalfm\/wp-json\/wp\/v2\/posts\/20857\/revisions"}],"wp:featuredmedia":[{"embeddable":true,"href":"https:\/\/sertv.gob.pa\/nacionalfm\/wp-json\/wp\/v2\/media\/20858"}],"wp:attachment":[{"href":"https:\/\/sertv.gob.pa\/nacionalfm\/wp-json\/wp\/v2\/media?parent=20857"}],"wp:term":[{"taxonomy":"category","embeddable":true,"href":"https:\/\/sertv.gob.pa\/nacionalfm\/wp-json\/wp\/v2\/categories?post=20857"},{"taxonomy":"post_tag","embeddable":true,"href":"https:\/\/sertv.gob.pa\/nacionalfm\/wp-json\/wp\/v2\/tags?post=20857"}],"curies":[{"name":"wp","href":"https:\/\/api.w.org\/{rel}","templated":true}]}}