{"id":20859,"date":"2017-05-31T20:02:27","date_gmt":"2017-05-31T20:02:27","guid":{"rendered":""},"modified":"2017-05-31T20:02:27","modified_gmt":"2017-05-31T20:02:27","slug":"epidemia-de-meningitis-c-en-nigeria-y-niger","status":"publish","type":"post","link":"https:\/\/sertv.gob.pa\/nacionalfm\/epidemia-de-meningitis-c-en-nigeria-y-niger\/","title":{"rendered":"Epidemia de meningitis C en Nigeria y N\u00edger"},"content":{"rendered":"<p>\nLa epidemia de meningitis C que asuela Nigeria y N\u00edger ha ocasionado desde finales de 2016 unos 17 mil casos y casi mil 300 muertos en los dos pa\u00edses, seg\u00fan denunci\u00f3 hoy la ONG M\u00e9dicos Sin Fronteras (MSF). <\/p>\n<p>Ambas naciones se hallan en lo que se conoce como el cintur\u00f3n de la meningitis, que engloba a diez pa\u00edses africanos desde Senegal hasta Etiop\u00eda y que padecen, de forma recurrente, brotes de esta enfermedad. <\/p>\n<p>Desde el 13 de diciembre de 2016 hasta el 14 de mayo de 2017 la epidemia ha afectado a 13 mil 943 personas y ha matado a mil 112 en Nigeria, seg\u00fan datos de la Organizaci\u00f3n Mundial de la Salud (OMS). <\/p>\n<p>En N\u00edger, del 1 de enero al 1 de mayo, el brote de meningitis ha afectado a 3.037 personas y ha matado a 179 personas. Como respuesta a la epidemia, MSF ha emprendido vastas campa\u00f1as de vacunaci\u00f3n en los dos pa\u00edses para m\u00e1s de un mill\u00f3n de personas.\u00a0 <\/p>\n<p>\u00a0 <\/p>\n","protected":false},"excerpt":{"rendered":"<p>La epidemia de meningitis C que asuela Nigeria y N\u00edger <a href=\"https:\/\/sertv.gob.pa\/nacionalfm\/epidemia-de-meningitis-c-en-nigeria-y-niger\/\"> [&#8230;]<\/a><\/p>\n","protected":false},"author":1,"featured_media":20860,"comment_status":"closed","ping_status":"closed","sticky":false,"template":"","format":"standard","meta":{"footnotes":""},"categories":[5],"tags":[],"class_list":["post-20859","post","type-post","status-publish","format-standard","has-post-thumbnail","hentry","category-salud"],"_links":{"self":[{"href":"https:\/\/sertv.gob.pa\/nacionalfm\/wp-json\/wp\/v2\/posts\/20859","targetHints":{"allow":["GET"]}}],"collection":[{"href":"https:\/\/sertv.gob.pa\/nacionalfm\/wp-json\/wp\/v2\/posts"}],"about":[{"href":"https:\/\/sertv.gob.pa\/nacionalfm\/wp-json\/wp\/v2\/types\/post"}],"author":[{"embeddable":true,"href":"https:\/\/sertv.gob.pa\/nacionalfm\/wp-json\/wp\/v2\/users\/1"}],"replies":[{"embeddable":true,"href":"https:\/\/sertv.gob.pa\/nacionalfm\/wp-json\/wp\/v2\/comments?post=20859"}],"version-history":[{"count":0,"href":"https:\/\/sertv.gob.pa\/nacionalfm\/wp-json\/wp\/v2\/posts\/20859\/revisions"}],"wp:featuredmedia":[{"embeddable":true,"href":"https:\/\/sertv.gob.pa\/nacionalfm\/wp-json\/wp\/v2\/media\/20860"}],"wp:attachment":[{"href":"https:\/\/sertv.gob.pa\/nacionalfm\/wp-json\/wp\/v2\/media?parent=20859"}],"wp:term":[{"taxonomy":"category","embeddable":true,"href":"https:\/\/sertv.gob.pa\/nacionalfm\/wp-json\/wp\/v2\/categories?post=20859"},{"taxonomy":"post_tag","embeddable":true,"href":"https:\/\/sertv.gob.pa\/nacionalfm\/wp-json\/wp\/v2\/tags?post=20859"}],"curies":[{"name":"wp","href":"https:\/\/api.w.org\/{rel}","templated":true}]}}