{"id":2086,"date":"2014-10-15T05:00:00","date_gmt":"2014-10-15T05:00:00","guid":{"rendered":""},"modified":"2014-10-15T05:00:00","modified_gmt":"2014-10-15T05:00:00","slug":"fundador-de-facebook-dona-25-millones-para-lucha-contra-ebola","status":"publish","type":"post","link":"https:\/\/sertv.gob.pa\/nacionalfm\/fundador-de-facebook-dona-25-millones-para-lucha-contra-ebola\/","title":{"rendered":"Fundador de Facebook dona $25 millones para lucha contra \u00e9bola"},"content":{"rendered":"<p>\n El fundador de Facebook,   Mark Zuckerberg,  anunci\u00f3 en esa red social que \u00e9l y su esposa, Priscilla, han donado 25 millones de d\u00f3lares a los Centros de Control de Prevenci\u00f3n y Enfermedades (CDC) de EE.UU. para la lucha contra el \u00e9bola. <\/p>\n<p> \u00abPriscilla y yo estamos donando 25 millones a los Centros de Control de Prevenci\u00f3n y Enfermedades para ayudar en la lucha contra el \u00e9bola\u00bb,  escribi\u00f3 Zuckerberg en su perfil de Facebook. <\/p>\n<p>El fundador de la popular red social cree que su donaci\u00f3n es \u00abla manera m\u00e1s r\u00e1pida\u00bb de ayudar a los CDC a combatir esta enfermedad, que desde el pasado marzo ha ocasionado m\u00e1s de 4.000 muertes, seg\u00fan la Organizaci\u00f3n Mundial de la Salud (OMS). <\/p>\n<p> \u00abLa epidemia de \u00e9bola est\u00e1 en un punto de inflexi\u00f3n cr\u00edtico. Ha infectado a m\u00e1s de 8.400 personas, pero se est\u00e1 extendiendo muy r\u00e1pido y las proyecciones sugieren que podr\u00eda infectar a un mill\u00f3n de personas o m\u00e1s en los pr\u00f3ximos meses si no reciben tratamiento\u00bb,  afirm\u00f3 Zuckerberg. <\/p>\n<p>Para evitar que la epidemia de \u00e9bola desemboque en \u00abuna crisis global de salud a largo plazo\u00bb, como el virus del sida o la polio, el empresario de internet cree que es necesario mantener la epidemia de \u00e9bola bajo control. <\/p>\n<p>\u00a0 <\/p>\n<p>\u00a0 <\/p>\n","protected":false},"excerpt":{"rendered":"<p>El fundador de Facebook, Mark Zuckerberg, anunci\u00f3 en esa red <a href=\"https:\/\/sertv.gob.pa\/nacionalfm\/fundador-de-facebook-dona-25-millones-para-lucha-contra-ebola\/\"> [&#8230;]<\/a><\/p>\n","protected":false},"author":1,"featured_media":2087,"comment_status":"closed","ping_status":"closed","sticky":false,"template":"","format":"standard","meta":{"footnotes":""},"categories":[5],"tags":[],"class_list":["post-2086","post","type-post","status-publish","format-standard","has-post-thumbnail","hentry","category-salud"],"_links":{"self":[{"href":"https:\/\/sertv.gob.pa\/nacionalfm\/wp-json\/wp\/v2\/posts\/2086","targetHints":{"allow":["GET"]}}],"collection":[{"href":"https:\/\/sertv.gob.pa\/nacionalfm\/wp-json\/wp\/v2\/posts"}],"about":[{"href":"https:\/\/sertv.gob.pa\/nacionalfm\/wp-json\/wp\/v2\/types\/post"}],"author":[{"embeddable":true,"href":"https:\/\/sertv.gob.pa\/nacionalfm\/wp-json\/wp\/v2\/users\/1"}],"replies":[{"embeddable":true,"href":"https:\/\/sertv.gob.pa\/nacionalfm\/wp-json\/wp\/v2\/comments?post=2086"}],"version-history":[{"count":0,"href":"https:\/\/sertv.gob.pa\/nacionalfm\/wp-json\/wp\/v2\/posts\/2086\/revisions"}],"wp:featuredmedia":[{"embeddable":true,"href":"https:\/\/sertv.gob.pa\/nacionalfm\/wp-json\/wp\/v2\/media\/2087"}],"wp:attachment":[{"href":"https:\/\/sertv.gob.pa\/nacionalfm\/wp-json\/wp\/v2\/media?parent=2086"}],"wp:term":[{"taxonomy":"category","embeddable":true,"href":"https:\/\/sertv.gob.pa\/nacionalfm\/wp-json\/wp\/v2\/categories?post=2086"},{"taxonomy":"post_tag","embeddable":true,"href":"https:\/\/sertv.gob.pa\/nacionalfm\/wp-json\/wp\/v2\/tags?post=2086"}],"curies":[{"name":"wp","href":"https:\/\/api.w.org\/{rel}","templated":true}]}}