{"id":20867,"date":"2017-05-31T21:47:29","date_gmt":"2017-05-31T21:47:29","guid":{"rendered":""},"modified":"2017-05-31T21:47:29","modified_gmt":"2017-05-31T21:47:29","slug":"podrian-multar-a-pugil-amrit-herrera-por-no-asistir-a-conferencia-de-prensa","status":"publish","type":"post","link":"https:\/\/sertv.gob.pa\/nacionalfm\/podrian-multar-a-pugil-amrit-herrera-por-no-asistir-a-conferencia-de-prensa\/","title":{"rendered":"Podr\u00edan multar a Amrit Herrera por no asistir a conferencia de prensa"},"content":{"rendered":"<p>\nEl promotor de G&#038;V Entertainment dio a conocer a los medios de comunicaci\u00f3n que podr\u00edan multar por B\/.100.00 al invicto y clasificado p\u00fagil colonense Armrit &ldquo;Kun-Fu&rdquo; Herrera por no presentarse a la conferencia de prensa convocada por la empresa conjuntamente con Sparta Promotion.com, para cartelera que se efectuar\u00e1 el pr\u00f3ximo 30 de junio en Mall de Los Andes, donde se celebr\u00f3 la conferencia. <\/p>\n<p>Amrit Herrera se mide en esa fecha a Gilberto &ldquo;El Cacique&rdquo; Pedroza por el t\u00edtulo nacional m\u00ednimo y el de la FERCABOX del Consejo Mundial de Boxeo. <\/p>\n<p>De hacerse efectiva esta sanci\u00f3n sentar\u00e1 un precedente positivo ya que en otras oportunidades boxeadores han obviado asistir a las conferencias de prensa, acto que en otros pa\u00edses no pueden evadir. <\/p>\n","protected":false},"excerpt":{"rendered":"<p>El promotor de G&#038;V Entertainment dio a conocer a los <a href=\"https:\/\/sertv.gob.pa\/nacionalfm\/podrian-multar-a-pugil-amrit-herrera-por-no-asistir-a-conferencia-de-prensa\/\"> [&#8230;]<\/a><\/p>\n","protected":false},"author":1,"featured_media":20868,"comment_status":"closed","ping_status":"closed","sticky":false,"template":"","format":"standard","meta":{"footnotes":""},"categories":[4],"tags":[],"class_list":["post-20867","post","type-post","status-publish","format-standard","has-post-thumbnail","hentry","category-deportes"],"_links":{"self":[{"href":"https:\/\/sertv.gob.pa\/nacionalfm\/wp-json\/wp\/v2\/posts\/20867","targetHints":{"allow":["GET"]}}],"collection":[{"href":"https:\/\/sertv.gob.pa\/nacionalfm\/wp-json\/wp\/v2\/posts"}],"about":[{"href":"https:\/\/sertv.gob.pa\/nacionalfm\/wp-json\/wp\/v2\/types\/post"}],"author":[{"embeddable":true,"href":"https:\/\/sertv.gob.pa\/nacionalfm\/wp-json\/wp\/v2\/users\/1"}],"replies":[{"embeddable":true,"href":"https:\/\/sertv.gob.pa\/nacionalfm\/wp-json\/wp\/v2\/comments?post=20867"}],"version-history":[{"count":0,"href":"https:\/\/sertv.gob.pa\/nacionalfm\/wp-json\/wp\/v2\/posts\/20867\/revisions"}],"wp:featuredmedia":[{"embeddable":true,"href":"https:\/\/sertv.gob.pa\/nacionalfm\/wp-json\/wp\/v2\/media\/20868"}],"wp:attachment":[{"href":"https:\/\/sertv.gob.pa\/nacionalfm\/wp-json\/wp\/v2\/media?parent=20867"}],"wp:term":[{"taxonomy":"category","embeddable":true,"href":"https:\/\/sertv.gob.pa\/nacionalfm\/wp-json\/wp\/v2\/categories?post=20867"},{"taxonomy":"post_tag","embeddable":true,"href":"https:\/\/sertv.gob.pa\/nacionalfm\/wp-json\/wp\/v2\/tags?post=20867"}],"curies":[{"name":"wp","href":"https:\/\/api.w.org\/{rel}","templated":true}]}}