{"id":20869,"date":"2017-05-31T22:09:47","date_gmt":"2017-05-31T22:09:47","guid":{"rendered":""},"modified":"2017-05-31T22:09:47","modified_gmt":"2017-05-31T22:09:47","slug":"campeonato-nacional-sub-17-de-baloncesto-en-isla-colon-bocas-del-toro","status":"publish","type":"post","link":"https:\/\/sertv.gob.pa\/nacionalfm\/campeonato-nacional-sub-17-de-baloncesto-en-isla-colon-bocas-del-toro\/","title":{"rendered":"Campeonato Nacional Sub-17 de Baloncesto en Isla Col\u00f3n, Bocas del Toro"},"content":{"rendered":"<p>\nEl presidente de la Federaci\u00f3n de Baloncesto de Panam\u00e1 Jair Peralta, anunci\u00f3 en conferencia de prensa que del 6 al 10 de junio se realizar\u00e1 por primera vez en la Isla Col\u00f3n, Bocas del Toro, el Campeonato Nacional de Baloncesto Sub 17, con el respaldo del Instituto Paname\u00f1o de Deportes y el Ministerio de Seguridad, en disputa de la Copa Barrio Seguro. <\/p>\n<p>En la conferencia de prensa estuvieron presentes el Director General de PANDEPORTES, Roberto &ldquo;Bob&rdquo; Arango y Ren\u00e9 Moses, coordinador del programa Barrio Seguro del Ministerio de Seguridad. <\/p>\n<p>Peralta destac\u00f3 que en este certamen nacional intervendr\u00e1n 12 equipos con los mejores canasteros juveniles del patio en representaci\u00f3n de las 10 provincias, adem\u00e1s de San Miguelito y la comarca Guna Yala y que por primera vez tendr\u00e1 como sede Bocas del Toro, que en Isla Col\u00f3n cuenta con un gimnasio con un tabloncillo con las reglamentaciones avaladas por la Federaci\u00f3n Internacional de Baloncesto (Fiba). <\/p>\n<p>El presidente de la FEPABA resalt\u00f3 que de esta justa se integrar\u00e1n algunos canasteros a la preselecci\u00f3n nacional que se preparara para participar en el CENTROBASKET que se celebrar\u00e1 del 26 al 30 de julio en Santo Domingo, Rep\u00fablica Dominicana que otorgar\u00e1 cuatro cupos para el Premundial en Argentina en el 2018. <\/p>\n","protected":false},"excerpt":{"rendered":"<p>El presidente de la Federaci\u00f3n de Baloncesto de Panam\u00e1 Jair <a href=\"https:\/\/sertv.gob.pa\/nacionalfm\/campeonato-nacional-sub-17-de-baloncesto-en-isla-colon-bocas-del-toro\/\"> [&#8230;]<\/a><\/p>\n","protected":false},"author":1,"featured_media":20870,"comment_status":"closed","ping_status":"closed","sticky":false,"template":"","format":"standard","meta":{"footnotes":""},"categories":[4],"tags":[],"class_list":["post-20869","post","type-post","status-publish","format-standard","has-post-thumbnail","hentry","category-deportes"],"_links":{"self":[{"href":"https:\/\/sertv.gob.pa\/nacionalfm\/wp-json\/wp\/v2\/posts\/20869","targetHints":{"allow":["GET"]}}],"collection":[{"href":"https:\/\/sertv.gob.pa\/nacionalfm\/wp-json\/wp\/v2\/posts"}],"about":[{"href":"https:\/\/sertv.gob.pa\/nacionalfm\/wp-json\/wp\/v2\/types\/post"}],"author":[{"embeddable":true,"href":"https:\/\/sertv.gob.pa\/nacionalfm\/wp-json\/wp\/v2\/users\/1"}],"replies":[{"embeddable":true,"href":"https:\/\/sertv.gob.pa\/nacionalfm\/wp-json\/wp\/v2\/comments?post=20869"}],"version-history":[{"count":0,"href":"https:\/\/sertv.gob.pa\/nacionalfm\/wp-json\/wp\/v2\/posts\/20869\/revisions"}],"wp:featuredmedia":[{"embeddable":true,"href":"https:\/\/sertv.gob.pa\/nacionalfm\/wp-json\/wp\/v2\/media\/20870"}],"wp:attachment":[{"href":"https:\/\/sertv.gob.pa\/nacionalfm\/wp-json\/wp\/v2\/media?parent=20869"}],"wp:term":[{"taxonomy":"category","embeddable":true,"href":"https:\/\/sertv.gob.pa\/nacionalfm\/wp-json\/wp\/v2\/categories?post=20869"},{"taxonomy":"post_tag","embeddable":true,"href":"https:\/\/sertv.gob.pa\/nacionalfm\/wp-json\/wp\/v2\/tags?post=20869"}],"curies":[{"name":"wp","href":"https:\/\/api.w.org\/{rel}","templated":true}]}}