{"id":20871,"date":"2017-05-31T22:24:30","date_gmt":"2017-05-31T22:24:30","guid":{"rendered":""},"modified":"2017-05-31T22:24:30","modified_gmt":"2017-05-31T22:24:30","slug":"comibox-advierte-al-terry-arenas-otro-incumplimiento-y-sera-sancionado","status":"publish","type":"post","link":"https:\/\/sertv.gob.pa\/nacionalfm\/comibox-advierte-al-terry-arenas-otro-incumplimiento-y-sera-sancionado\/","title":{"rendered":"COMIBOX advierte, otro incumplimiento de Arenas, lo sancionan"},"content":{"rendered":"<p>\nLa Comisi\u00f3n de Boxeo Profesional de Panam\u00e1 cit\u00f3 en fechas anteriores al boxeador Jonathan &ldquo;El Terry&rdquo; Arena por haber incumplido con sus compromisos ante Bryan &ldquo;La Roca&rdquo; De Gracia y posteriormente ante Irving &ldquo;El Rel\u00e1mpago&rdquo; Berry. <\/p>\n<p>El p\u00fagil se present\u00f3 a la \u00faltima sesi\u00f3n de la COMIBOX aduciendo que padec\u00eda de herpe, por lo que el presidente de la entidad Jaime Salas, le manifest\u00f3 que la pr\u00f3xima vez que se sienta indispuesto tiene que presentar una incapacidad m\u00e9dica y no perderse de los gimnasios. <\/p>\n<p>De igual manera le manifest\u00f3 que de no haber ninguna denuncia en contra por parte de los promotores ni apoderados, no ser\u00e1 sancionado en esta ocasi\u00f3n, pero la pr\u00f3xima que incumpla un contrato la COMIBOX tomar\u00e1 medidas. <\/p>\n","protected":false},"excerpt":{"rendered":"<p>La Comisi\u00f3n de Boxeo Profesional de Panam\u00e1 cit\u00f3 en fechas <a href=\"https:\/\/sertv.gob.pa\/nacionalfm\/comibox-advierte-al-terry-arenas-otro-incumplimiento-y-sera-sancionado\/\"> [&#8230;]<\/a><\/p>\n","protected":false},"author":1,"featured_media":20872,"comment_status":"closed","ping_status":"closed","sticky":false,"template":"","format":"standard","meta":{"footnotes":""},"categories":[4],"tags":[],"class_list":["post-20871","post","type-post","status-publish","format-standard","has-post-thumbnail","hentry","category-deportes"],"_links":{"self":[{"href":"https:\/\/sertv.gob.pa\/nacionalfm\/wp-json\/wp\/v2\/posts\/20871","targetHints":{"allow":["GET"]}}],"collection":[{"href":"https:\/\/sertv.gob.pa\/nacionalfm\/wp-json\/wp\/v2\/posts"}],"about":[{"href":"https:\/\/sertv.gob.pa\/nacionalfm\/wp-json\/wp\/v2\/types\/post"}],"author":[{"embeddable":true,"href":"https:\/\/sertv.gob.pa\/nacionalfm\/wp-json\/wp\/v2\/users\/1"}],"replies":[{"embeddable":true,"href":"https:\/\/sertv.gob.pa\/nacionalfm\/wp-json\/wp\/v2\/comments?post=20871"}],"version-history":[{"count":0,"href":"https:\/\/sertv.gob.pa\/nacionalfm\/wp-json\/wp\/v2\/posts\/20871\/revisions"}],"wp:featuredmedia":[{"embeddable":true,"href":"https:\/\/sertv.gob.pa\/nacionalfm\/wp-json\/wp\/v2\/media\/20872"}],"wp:attachment":[{"href":"https:\/\/sertv.gob.pa\/nacionalfm\/wp-json\/wp\/v2\/media?parent=20871"}],"wp:term":[{"taxonomy":"category","embeddable":true,"href":"https:\/\/sertv.gob.pa\/nacionalfm\/wp-json\/wp\/v2\/categories?post=20871"},{"taxonomy":"post_tag","embeddable":true,"href":"https:\/\/sertv.gob.pa\/nacionalfm\/wp-json\/wp\/v2\/tags?post=20871"}],"curies":[{"name":"wp","href":"https:\/\/api.w.org\/{rel}","templated":true}]}}