{"id":20873,"date":"2017-05-31T23:01:47","date_gmt":"2017-05-31T23:01:47","guid":{"rendered":""},"modified":"2017-05-31T23:01:47","modified_gmt":"2017-05-31T23:01:47","slug":"manuel-largacha-empata-en-italia-y-rompe-record-de-k-o-de-su-rival","status":"publish","type":"post","link":"https:\/\/sertv.gob.pa\/nacionalfm\/manuel-largacha-empata-en-italia-y-rompe-record-de-k-o-de-su-rival\/","title":{"rendered":"Manuel Largacha empata en Italia y rompe r\u00e9cord de K.O. de su rival"},"content":{"rendered":"<p>\nEl pasado s\u00e1bado 27 de mayo el p\u00fagil paname\u00f1o Manuel Largacha empat\u00f3 en Italia con el invicto p\u00fagil local Maxim Prodan, y adem\u00e1s cort\u00f3 la racha de K.O. que llevaba su rival, quien se encuentra invicto en las filas profesionales y contaba con un palmar\u00e9s de 10 victorias, con las 10 definidas por la v\u00eda del K.0., lo que con este empate se le corta esa continuidad. <\/p>\n<p>Largacha quien hace meces realiza campa\u00f1a en Europa, ven\u00eda de perder una discutida decisi\u00f3n un\u00e1nime, en Bilbao, Espa\u00f1a ante Alexander Podolsky, ahora se recupera con un empate. <\/p>\n<p>La \u00faltima pelea de Largacha en nuestro pa\u00eds fue en la provincia de Col\u00f3n, cuando le gan\u00f3 al jamaicano radicado en Panam\u00e1 Michael Grardener, tambi\u00e9n por la v\u00eda de los puntos, por lo que ahora Largacha mantiene su palmar\u00e9s en 8 victorias, 5 derrotas con 4 empates y 3 definidas por la v\u00eda r\u00e1pida. <\/p>\n","protected":false},"excerpt":{"rendered":"<p>El pasado s\u00e1bado 27 de mayo el p\u00fagil paname\u00f1o Manuel <a href=\"https:\/\/sertv.gob.pa\/nacionalfm\/manuel-largacha-empata-en-italia-y-rompe-record-de-k-o-de-su-rival\/\"> [&#8230;]<\/a><\/p>\n","protected":false},"author":1,"featured_media":20874,"comment_status":"closed","ping_status":"closed","sticky":false,"template":"","format":"standard","meta":{"footnotes":""},"categories":[4],"tags":[],"class_list":["post-20873","post","type-post","status-publish","format-standard","has-post-thumbnail","hentry","category-deportes"],"_links":{"self":[{"href":"https:\/\/sertv.gob.pa\/nacionalfm\/wp-json\/wp\/v2\/posts\/20873","targetHints":{"allow":["GET"]}}],"collection":[{"href":"https:\/\/sertv.gob.pa\/nacionalfm\/wp-json\/wp\/v2\/posts"}],"about":[{"href":"https:\/\/sertv.gob.pa\/nacionalfm\/wp-json\/wp\/v2\/types\/post"}],"author":[{"embeddable":true,"href":"https:\/\/sertv.gob.pa\/nacionalfm\/wp-json\/wp\/v2\/users\/1"}],"replies":[{"embeddable":true,"href":"https:\/\/sertv.gob.pa\/nacionalfm\/wp-json\/wp\/v2\/comments?post=20873"}],"version-history":[{"count":0,"href":"https:\/\/sertv.gob.pa\/nacionalfm\/wp-json\/wp\/v2\/posts\/20873\/revisions"}],"wp:featuredmedia":[{"embeddable":true,"href":"https:\/\/sertv.gob.pa\/nacionalfm\/wp-json\/wp\/v2\/media\/20874"}],"wp:attachment":[{"href":"https:\/\/sertv.gob.pa\/nacionalfm\/wp-json\/wp\/v2\/media?parent=20873"}],"wp:term":[{"taxonomy":"category","embeddable":true,"href":"https:\/\/sertv.gob.pa\/nacionalfm\/wp-json\/wp\/v2\/categories?post=20873"},{"taxonomy":"post_tag","embeddable":true,"href":"https:\/\/sertv.gob.pa\/nacionalfm\/wp-json\/wp\/v2\/tags?post=20873"}],"curies":[{"name":"wp","href":"https:\/\/api.w.org\/{rel}","templated":true}]}}