{"id":20885,"date":"2017-06-01T17:09:41","date_gmt":"2017-06-01T17:09:41","guid":{"rendered":""},"modified":"2017-06-01T17:09:41","modified_gmt":"2017-06-01T17:09:41","slug":"penedo-crea-su-propia-fundacion-para-el-desarrollo-del-talento-de-la-ninez","status":"publish","type":"post","link":"https:\/\/sertv.gob.pa\/nacionalfm\/penedo-crea-su-propia-fundacion-para-el-desarrollo-del-talento-de-la-ninez\/","title":{"rendered":"Penedo crea su propia fundaci\u00f3n, para el desarrollo del talento de la ni\u00f1ez"},"content":{"rendered":"<p>\nJaime Penedo anunci\u00f3 la creaci\u00f3n de su fundaci\u00f3n con el objetivo de trabajar con academias, escuelas, clubes deportivos, colegios, programas y proyectos de los barrios, apoyar su labor, a trav\u00e9s de actividades f\u00edsicas principalmente con aquellas que lo trabajan como una alternativa para aislar a los ni\u00f1os, adolescentes, y j\u00f3venes de la violencia en sus barrios. <\/p>\n<p>Manifiesta Penedo que esta fundaci\u00f3n es un sue\u00f1o hecho realidad, tanto para \u00e9l como su familia, y que la misma busca ayudar a ni\u00f1os y a j\u00f3venes a desarrollar su talento, a creer en sus facultades, pero sobre todo orientarlos en c\u00f3mo llegar al \u00e9xito ofreci\u00e9ndoles las herramientas que los potencien como mejores seres humanos. <\/p>\n<p>En esta primera etapa la fundaci\u00f3n tiene programado iniciar una jornada de actividades para ni\u00f1os\/as, adolescentes y j\u00f3venes en riesgo social del \u00e1rea de San Felipe, utilizando como mecanismo de resocializaci\u00f3n, la promoci\u00f3n y el desarrollo de \u00a0valores, \u00a0aisl\u00e1ndolos del ocio, las calles \u00a0y los riesgos de la violencia. <\/p>\n","protected":false},"excerpt":{"rendered":"<p>Jaime Penedo anunci\u00f3 la creaci\u00f3n de su fundaci\u00f3n con el <a href=\"https:\/\/sertv.gob.pa\/nacionalfm\/penedo-crea-su-propia-fundacion-para-el-desarrollo-del-talento-de-la-ninez\/\"> [&#8230;]<\/a><\/p>\n","protected":false},"author":1,"featured_media":20886,"comment_status":"closed","ping_status":"closed","sticky":false,"template":"","format":"standard","meta":{"footnotes":""},"categories":[4],"tags":[],"class_list":["post-20885","post","type-post","status-publish","format-standard","has-post-thumbnail","hentry","category-deportes"],"_links":{"self":[{"href":"https:\/\/sertv.gob.pa\/nacionalfm\/wp-json\/wp\/v2\/posts\/20885","targetHints":{"allow":["GET"]}}],"collection":[{"href":"https:\/\/sertv.gob.pa\/nacionalfm\/wp-json\/wp\/v2\/posts"}],"about":[{"href":"https:\/\/sertv.gob.pa\/nacionalfm\/wp-json\/wp\/v2\/types\/post"}],"author":[{"embeddable":true,"href":"https:\/\/sertv.gob.pa\/nacionalfm\/wp-json\/wp\/v2\/users\/1"}],"replies":[{"embeddable":true,"href":"https:\/\/sertv.gob.pa\/nacionalfm\/wp-json\/wp\/v2\/comments?post=20885"}],"version-history":[{"count":0,"href":"https:\/\/sertv.gob.pa\/nacionalfm\/wp-json\/wp\/v2\/posts\/20885\/revisions"}],"wp:featuredmedia":[{"embeddable":true,"href":"https:\/\/sertv.gob.pa\/nacionalfm\/wp-json\/wp\/v2\/media\/20886"}],"wp:attachment":[{"href":"https:\/\/sertv.gob.pa\/nacionalfm\/wp-json\/wp\/v2\/media?parent=20885"}],"wp:term":[{"taxonomy":"category","embeddable":true,"href":"https:\/\/sertv.gob.pa\/nacionalfm\/wp-json\/wp\/v2\/categories?post=20885"},{"taxonomy":"post_tag","embeddable":true,"href":"https:\/\/sertv.gob.pa\/nacionalfm\/wp-json\/wp\/v2\/tags?post=20885"}],"curies":[{"name":"wp","href":"https:\/\/api.w.org\/{rel}","templated":true}]}}