{"id":20889,"date":"2017-06-01T17:50:26","date_gmt":"2017-06-01T17:50:26","guid":{"rendered":""},"modified":"2017-06-01T17:50:26","modified_gmt":"2017-06-01T17:50:26","slug":"arabe-unido-y-plaza-inician-en-territorio-caribeno-en-liga-de-concacaf","status":"publish","type":"post","link":"https:\/\/sertv.gob.pa\/nacionalfm\/arabe-unido-y-plaza-inician-en-territorio-caribeno-en-liga-de-concacaf\/","title":{"rendered":"\u00c1rabe Unido y Plaza inician en territorio caribe\u00f1o en Liga de CONCACAF"},"content":{"rendered":"<p>\n Luego del sorteo de la Liga CONCACAF, se dio a conocer con quienes se enfrentar\u00e1n los tres clubes paname\u00f1os que participan en el certamen.  <\/p>\n<p> El Deportivo \u00c1rabe Unido de Col\u00f3n, fue el primero en conocer a su rival de octavos de final que ser\u00e1 el Central FC de Trinidad y Tobago, y jugar\u00e1n el partido de ida en territorio caribe\u00f1o.  <\/p>\n<p> El Plaza Amador se enfrenta al Portmore Unided FC de Jamaica y al igual que el \u00c1rabe Unido, disputar\u00e1n partido de ida en tierras caribe\u00f1as.  <\/p>\n<p> El tercer equipo paname\u00f1o, el Chorrillo FC, abrir\u00e1 la serie como local en Panam\u00e1 ante Honduras Progreso.  <\/p>\n","protected":false},"excerpt":{"rendered":"<p>Luego del sorteo de la Liga CONCACAF, se dio a <a href=\"https:\/\/sertv.gob.pa\/nacionalfm\/arabe-unido-y-plaza-inician-en-territorio-caribeno-en-liga-de-concacaf\/\"> [&#8230;]<\/a><\/p>\n","protected":false},"author":1,"featured_media":20890,"comment_status":"closed","ping_status":"closed","sticky":false,"template":"","format":"standard","meta":{"footnotes":""},"categories":[4],"tags":[],"class_list":["post-20889","post","type-post","status-publish","format-standard","has-post-thumbnail","hentry","category-deportes"],"_links":{"self":[{"href":"https:\/\/sertv.gob.pa\/nacionalfm\/wp-json\/wp\/v2\/posts\/20889","targetHints":{"allow":["GET"]}}],"collection":[{"href":"https:\/\/sertv.gob.pa\/nacionalfm\/wp-json\/wp\/v2\/posts"}],"about":[{"href":"https:\/\/sertv.gob.pa\/nacionalfm\/wp-json\/wp\/v2\/types\/post"}],"author":[{"embeddable":true,"href":"https:\/\/sertv.gob.pa\/nacionalfm\/wp-json\/wp\/v2\/users\/1"}],"replies":[{"embeddable":true,"href":"https:\/\/sertv.gob.pa\/nacionalfm\/wp-json\/wp\/v2\/comments?post=20889"}],"version-history":[{"count":0,"href":"https:\/\/sertv.gob.pa\/nacionalfm\/wp-json\/wp\/v2\/posts\/20889\/revisions"}],"wp:featuredmedia":[{"embeddable":true,"href":"https:\/\/sertv.gob.pa\/nacionalfm\/wp-json\/wp\/v2\/media\/20890"}],"wp:attachment":[{"href":"https:\/\/sertv.gob.pa\/nacionalfm\/wp-json\/wp\/v2\/media?parent=20889"}],"wp:term":[{"taxonomy":"category","embeddable":true,"href":"https:\/\/sertv.gob.pa\/nacionalfm\/wp-json\/wp\/v2\/categories?post=20889"},{"taxonomy":"post_tag","embeddable":true,"href":"https:\/\/sertv.gob.pa\/nacionalfm\/wp-json\/wp\/v2\/tags?post=20889"}],"curies":[{"name":"wp","href":"https:\/\/api.w.org\/{rel}","templated":true}]}}