{"id":2090,"date":"2014-10-15T05:00:00","date_gmt":"2014-10-15T05:00:00","guid":{"rendered":""},"modified":"2014-10-15T05:00:00","modified_gmt":"2014-10-15T05:00:00","slug":"bid-combatira-malnutricion-y-obesidad-de-ninos-de-latinoamerica","status":"publish","type":"post","link":"https:\/\/sertv.gob.pa\/nacionalfm\/bid-combatira-malnutricion-y-obesidad-de-ninos-de-latinoamerica\/","title":{"rendered":"BID combatir\u00e1 malnutrici\u00f3n y obesidad de ni\u00f1os de Latinoam\u00e9rica"},"content":{"rendered":"<p>\nEl Banco Interamericano de Desarrollo (BID) anunci\u00f3 hoy un proyecto destinado a disminuir\u00a0 los peligros de malnutrici\u00f3n y obesidad en los ni\u00f1os menores de cinco a\u00f1os en las \u00e1reas m\u00e1s desfavorecidas de Colombia, Guatemala, M\u00e9xico y Per\u00fa. <\/p>\n<p>El programa, denominado \u00abSpoon\u00bb, pretende prevenir de forma simult\u00e1nea \u00abla desnutrici\u00f3n y el riesgo de la obesidad desde el nacimiento de los ni\u00f1os\u00bb, explic\u00f3 hoy en una rueda de prensa en Washington el presidente del BID, Luis Alberto Moreno. <\/p>\n<p>El problema del sobrepeso \u00abno es una cuesti\u00f3n est\u00e9tica, sino un problema serio de salud que puede poner en peligro el desarrollo econ\u00f3mico de la regi\u00f3n\u00bb de cara al futuro, enfatiz\u00f3 Moreno. <\/p>\n<p>Adem\u00e1s de las enfermedades contagiosas, en Am\u00e9rica Latina \u00abnos enfrentamos al reto reciente de combatir las enfermedades cr\u00f3nicas\u00bb, como la obesidad, a\u00f1adi\u00f3. \u00a0 <\/p>\n<p>Seg\u00fan cifras del BID, alrededor de cuatro millones de ni\u00f1os latinoamericanos menores de cinco a\u00f1os sufren sobrepeso, y en 2030 se estima que m\u00e1s de la mitad de los adultos de la regi\u00f3n ser\u00e1n obesos. <\/p>\n<p>\u00a0 <\/p>\n","protected":false},"excerpt":{"rendered":"<p>El Banco Interamericano de Desarrollo (BID) anunci\u00f3 hoy un proyecto <a href=\"https:\/\/sertv.gob.pa\/nacionalfm\/bid-combatira-malnutricion-y-obesidad-de-ninos-de-latinoamerica\/\"> [&#8230;]<\/a><\/p>\n","protected":false},"author":1,"featured_media":2091,"comment_status":"closed","ping_status":"closed","sticky":false,"template":"","format":"standard","meta":{"footnotes":""},"categories":[5],"tags":[],"class_list":["post-2090","post","type-post","status-publish","format-standard","has-post-thumbnail","hentry","category-salud"],"_links":{"self":[{"href":"https:\/\/sertv.gob.pa\/nacionalfm\/wp-json\/wp\/v2\/posts\/2090","targetHints":{"allow":["GET"]}}],"collection":[{"href":"https:\/\/sertv.gob.pa\/nacionalfm\/wp-json\/wp\/v2\/posts"}],"about":[{"href":"https:\/\/sertv.gob.pa\/nacionalfm\/wp-json\/wp\/v2\/types\/post"}],"author":[{"embeddable":true,"href":"https:\/\/sertv.gob.pa\/nacionalfm\/wp-json\/wp\/v2\/users\/1"}],"replies":[{"embeddable":true,"href":"https:\/\/sertv.gob.pa\/nacionalfm\/wp-json\/wp\/v2\/comments?post=2090"}],"version-history":[{"count":0,"href":"https:\/\/sertv.gob.pa\/nacionalfm\/wp-json\/wp\/v2\/posts\/2090\/revisions"}],"wp:featuredmedia":[{"embeddable":true,"href":"https:\/\/sertv.gob.pa\/nacionalfm\/wp-json\/wp\/v2\/media\/2091"}],"wp:attachment":[{"href":"https:\/\/sertv.gob.pa\/nacionalfm\/wp-json\/wp\/v2\/media?parent=2090"}],"wp:term":[{"taxonomy":"category","embeddable":true,"href":"https:\/\/sertv.gob.pa\/nacionalfm\/wp-json\/wp\/v2\/categories?post=2090"},{"taxonomy":"post_tag","embeddable":true,"href":"https:\/\/sertv.gob.pa\/nacionalfm\/wp-json\/wp\/v2\/tags?post=2090"}],"curies":[{"name":"wp","href":"https:\/\/api.w.org\/{rel}","templated":true}]}}